{"id":2362,"date":"2025-05-02T08:51:17","date_gmt":"2025-05-02T08:51:17","guid":{"rendered":"https:\/\/www.allurevillas.com\/blog\/?p=2362"},"modified":"2025-05-26T14:46:45","modified_gmt":"2025-05-26T14:46:45","slug":"portugal-en-juillet","status":"publish","type":"post","link":"https:\/\/www.allurevillas.com\/blog\/fr\/portugal-en-juillet\/","title":{"rendered":"Le Portugal en juillet : pourquoi l\u2019\u00e9t\u00e9 y est-il si sp\u00e9cial ?"},"content":{"rendered":"\t\t<div data-elementor-type=\"wp-post\" data-elementor-id=\"2362\" class=\"elementor elementor-2362 elementor-2103\" data-elementor-post-type=\"post\">\n\t\t\t\t<div class=\"elementor-element elementor-element-46e10f76 e-flex e-con-boxed e-con e-parent\" data-id=\"46e10f76\" data-element_type=\"container\">\n\t\t\t\t\t<div class=\"e-con-inner\">\n\t\t\t\t<div class=\"elementor-element elementor-element-2879dfb8 elementor-widget elementor-widget-text-editor\" data-id=\"2879dfb8\" data-element_type=\"widget\" data-widget_type=\"text-editor.default\">\n\t\t\t\t<div class=\"elementor-widget-container\">\n\t\t\t\t\t\t\t\t\t<p>Le mois de juillet au Portugal est la p\u00e9riode estivale par excellence et qui \u00e9voque instantan\u00e9ment des journ\u00e9es baign\u00e9es de soleil, des plages de sable fin, des festivals anim\u00e9s et des stations baln\u00e9aires pleines de vie. \u00c0 cette p\u00e9riode, le pays tout entier vibre au rythme de l\u2019\u00e9t\u00e9 : locaux et visiteurs profitent pleinement de la vie en ext\u00e9rieur, que ce soit pour se d\u00e9tendre en bord de mer, partir en randonn\u00e9e pour d\u00e9couvrir les paysages somptueux du Portugal, explorer des tr\u00e9sors culturels ou tout simplement faire un petit tour sur le front de mer.\u00a0<\/p><p>Si vous h\u00e9sitez encore sur la destination de vos vacances cette ann\u00e9e, le Portugal en juillet est une option id\u00e9ale. Entre ses longues journ\u00e9es ensoleill\u00e9es et son ambiance festive, c\u2019est sans conteste l\u2019un des meilleurs moments pour d\u00e9couvrir la beaut\u00e9 du littoral portugais et la richesse de son patrimoine.<\/p>\t\t\t\t\t\t\t\t<\/div>\n\t\t\t\t<\/div>\n\t\t\t\t\t<\/div>\n\t\t\t\t<\/div>\n\t\t<div class=\"elementor-element elementor-element-48ca2bbb e-flex e-con-boxed e-con e-parent\" data-id=\"48ca2bbb\" data-element_type=\"container\">\n\t\t\t\t\t<div class=\"e-con-inner\">\n\t\t\t\t<div class=\"elementor-element elementor-element-35be8379 elementor-widget elementor-widget-table-of-contents\" data-id=\"35be8379\" data-element_type=\"widget\" data-settings=\"{&quot;headings_by_tags&quot;:[&quot;h2&quot;,&quot;h3&quot;],&quot;exclude_headings_by_selector&quot;:[],&quot;marker_view&quot;:&quot;bullets&quot;,&quot;no_headings_message&quot;:&quot;No headings were found on this page.&quot;,&quot;icon&quot;:{&quot;value&quot;:&quot;fas fa-circle&quot;,&quot;library&quot;:&quot;fa-solid&quot;,&quot;rendered_tag&quot;:&quot;&lt;svg class=\\&quot;e-font-icon-svg e-fas-circle\\&quot; viewBox=\\&quot;0 0 512 512\\&quot; xmlns=\\&quot;http:\\\/\\\/www.w3.org\\\/2000\\\/svg\\&quot;&gt;&lt;path d=\\&quot;M256 8C119 8 8 119 8 256s111 248 248 248 248-111 248-248S393 8 256 8z\\&quot;&gt;&lt;\\\/path&gt;&lt;\\\/svg&gt;&quot;},&quot;hierarchical_view&quot;:&quot;yes&quot;,&quot;min_height&quot;:{&quot;unit&quot;:&quot;px&quot;,&quot;size&quot;:&quot;&quot;,&quot;sizes&quot;:[]},&quot;min_height_tablet&quot;:{&quot;unit&quot;:&quot;px&quot;,&quot;size&quot;:&quot;&quot;,&quot;sizes&quot;:[]},&quot;min_height_mobile&quot;:{&quot;unit&quot;:&quot;px&quot;,&quot;size&quot;:&quot;&quot;,&quot;sizes&quot;:[]}}\" data-widget_type=\"table-of-contents.default\">\n\t\t\t\t<div class=\"elementor-widget-container\">\n\t\t\t\t\t\t\t\t\t<div class=\"elementor-toc__header\">\n\t\t\t\t\t\t<div class=\"elementor-toc__header-title\">\n\t\t\t\tSommaire\t\t\t<\/div>\n\t\t\t\t\t\t\t\t<\/div>\n\t\t\t\t<div id=\"elementor-toc__35be8379\" class=\"elementor-toc__body\">\n\t\t\t<div class=\"elementor-toc__spinner-container\">\n\t\t\t\t<svg class=\"elementor-toc__spinner eicon-animation-spin e-font-icon-svg e-eicon-loading\" aria-hidden=\"true\" viewBox=\"0 0 1000 1000\" xmlns=\"http:\/\/www.w3.org\/2000\/svg\"><path d=\"M500 975V858C696 858 858 696 858 500S696 142 500 142 142 304 142 500H25C25 237 238 25 500 25S975 237 975 500 763 975 500 975Z\"><\/path><\/svg>\t\t\t<\/div>\n\t\t<\/div>\n\t\t\t\t\t\t<\/div>\n\t\t\t\t<\/div>\n\t\t\t\t\t<\/div>\n\t\t\t\t<\/div>\n\t\t<div class=\"elementor-element elementor-element-1502ba03 e-flex e-con-boxed e-con e-parent\" data-id=\"1502ba03\" data-element_type=\"container\">\n\t\t\t\t\t<div class=\"e-con-inner\">\n\t\t\t\t<div class=\"elementor-element elementor-element-424834f elementor-widget elementor-widget-heading\" data-id=\"424834f\" data-element_type=\"widget\" data-widget_type=\"heading.default\">\n\t\t\t\t<div class=\"elementor-widget-container\">\n\t\t\t\t\t<h2 class=\"elementor-heading-title elementor-size-default\">Le climat en juillet au Portugal<\/h2>\t\t\t\t<\/div>\n\t\t\t\t<\/div>\n\t\t\t\t<div class=\"elementor-element elementor-element-65cae8ed elementor-widget elementor-widget-text-editor\" data-id=\"65cae8ed\" data-element_type=\"widget\" data-widget_type=\"text-editor.default\">\n\t\t\t\t<div class=\"elementor-widget-container\">\n\t\t\t\t\t\t\t\t\t<p>L\u2019un des atouts majeurs du Portugal en juillet, c\u2019est bien s\u00fbr son climat estival. Juillet est synonyme de ciel d\u00e9gag\u00e9, de soleil permanent et de pluie quasi inexistante. Vous vous demandez s\u00fbrement \u00ab Quel temps fait-il au Portugal en juillet ? \u00bb, cela d\u00e9pend de la r\u00e9gion o\u00f9 vous vous rendrez, mais pr\u00e9parez-vous \u00e0 ce qu&rsquo;il fasse tr\u00e8s chaud dans tout le pays.<\/p><p>Les temp\u00e9ratures moyennes en journ\u00e9e oscillent g\u00e9n\u00e9ralement entre 28\u00b0C et 35\u00b0C, notamment dans les r\u00e9gions m\u00e9ridionales. Sur la c\u00f4te, les brises marines viennent rafra\u00eechir l\u2019air, tandis que les villes de l\u2019arri\u00e8re-pays comme \u00c9vora ou Beja peuvent afficher des pics de chaleur plus intenses. Le soir, les temp\u00e9ratures restent douces, rarement en dessous de 18\u00b0C, parfait pour d\u00eener en terrasse ou profiter des animations nocturnes. En r\u00e9sum\u00e9, le climat du Portugal en juillet est id\u00e9al pour d\u00eener en terrasse, visiter la ville, se baigner\u2026 \u00e0 condition de rester bien hydrat\u00e9 et de pr\u00e9voir un peu d\u2019ombre \u00e0 partir de midi !<\/p>\t\t\t\t\t\t\t\t<\/div>\n\t\t\t\t<\/div>\n\t\t\t\t\t<\/div>\n\t\t\t\t<\/div>\n\t\t<div class=\"elementor-element elementor-element-8946d78 e-flex e-con-boxed e-con e-parent\" data-id=\"8946d78\" data-element_type=\"container\">\n\t\t\t\t\t<div class=\"e-con-inner\">\n\t\t\t\t<div class=\"elementor-element elementor-element-babd459 elementor-widget elementor-widget-heading\" data-id=\"babd459\" data-element_type=\"widget\" data-widget_type=\"heading.default\">\n\t\t\t\t<div class=\"elementor-widget-container\">\n\t\t\t\t\t<h2 class=\"elementor-heading-title elementor-size-default\">Les variations du climat r\u00e9gional : nord, centre, sud et \u00eeles <\/h2>\t\t\t\t<\/div>\n\t\t\t\t<\/div>\n\t\t\t\t<div class=\"elementor-element elementor-element-b658cd0 elementor-widget elementor-widget-text-editor\" data-id=\"b658cd0\" data-element_type=\"widget\" data-widget_type=\"text-editor.default\">\n\t\t\t\t<div class=\"elementor-widget-container\">\n\t\t\t\t\t\t\t\t\t<p>Malgr\u00e9 cette chaleur g\u00e9n\u00e9ralis\u00e9e, les variations r\u00e9gionales au Portugal permettent \u00e0 tous de profiter de climats vari\u00e9s.<\/p><p>Dans le nord du pays, notamment \u00e0 Porto ou Braga, les temp\u00e9ratures restent plus mod\u00e9r\u00e9es, avec des maximales autour de 26\u00b0C. On peut y trouver parfois quelques nuages ou une brise l\u00e9g\u00e8re, surtout \u00e0 proximit\u00e9 de l\u2019oc\u00e9an Atlantique.<\/p><p>Au centre du pays, des villes comme Coimbra ou les campagnes environnantes offrent un climat sec et chaud. C\u2019est un temps propice pour visiter des villages en bord de rivi\u00e8re ou explorer des monuments historiques \u00e0 l\u2019ombre.<\/p><p>Dans le sud, en <a href=\"https:\/\/www.allurevillas.com\/blog\/fr\/vacances-algarve\/\">Algarve<\/a>, les temp\u00e9ratures d\u00e9passent fr\u00e9quemment les 30\u00b0C et la pluie y est presque inexistante. Gr\u00e2ce \u00e0 la mer Atlantique toute proche, la c\u00f4te reste agr\u00e9able, ce qui en fait une destination r\u00eav\u00e9e pour des vacances baln\u00e9aires.<\/p><p>Sur les \u00eeles, Mad\u00e8re et les A\u00e7ores proposent un contraste rafra\u00eechissant. Mad\u00e8re affiche des temp\u00e9ratures autour de 25\u00b0C, accompagn\u00e9es d\u2019aliz\u00e9s doux, id\u00e9als pour les randonneurs et les excursions dans la nature. Les A\u00e7ores, un peu plus fra\u00eeches et verdoyantes, offrent un climat temp\u00e9r\u00e9 avec quelques averses occasionnelles et des maximales autour de 24\u00b0C.<\/p>\t\t\t\t\t\t\t\t<\/div>\n\t\t\t\t<\/div>\n\t\t\t\t\t<\/div>\n\t\t\t\t<\/div>\n\t\t<div class=\"elementor-element elementor-element-24f6a29 e-flex e-con-boxed e-con e-parent\" data-id=\"24f6a29\" data-element_type=\"container\">\n\t\t\t\t\t<div class=\"e-con-inner\">\n\t\t\t\t<div class=\"elementor-element elementor-element-c593e21 elementor-widget elementor-widget-image\" data-id=\"c593e21\" data-element_type=\"widget\" data-widget_type=\"image.default\">\n\t\t\t\t<div class=\"elementor-widget-container\">\n\t\t\t\t\t\t\t\t\t\t\t\t\t\t\t<img fetchpriority=\"high\" decoding=\"async\" width=\"1233\" height=\"616\" src=\"https:\/\/www.allurevillas.com\/blog\/wp-content\/uploads\/2025\/05\/Weather-portugal-in-July.jpg\" class=\"attachment-full size-full wp-image-2155\" alt=\"Weather-portugal-in-July.jpg\" srcset=\"https:\/\/www.allurevillas.com\/blog\/wp-content\/uploads\/2025\/05\/Weather-portugal-in-July.jpg 1233w, https:\/\/www.allurevillas.com\/blog\/wp-content\/uploads\/2025\/05\/Weather-portugal-in-July-300x150.jpg 300w, https:\/\/www.allurevillas.com\/blog\/wp-content\/uploads\/2025\/05\/Weather-portugal-in-July-1024x512.jpg 1024w, https:\/\/www.allurevillas.com\/blog\/wp-content\/uploads\/2025\/05\/Weather-portugal-in-July-768x384.jpg 768w\" sizes=\"(max-width: 1233px) 100vw, 1233px\" \/>\t\t\t\t\t\t\t\t\t\t\t\t\t\t\t<\/div>\n\t\t\t\t<\/div>\n\t\t\t\t\t<\/div>\n\t\t\t\t<\/div>\n\t\t<div class=\"elementor-element elementor-element-a53f6e4 e-flex e-con-boxed e-con e-parent\" data-id=\"a53f6e4\" data-element_type=\"container\">\n\t\t\t\t\t<div class=\"e-con-inner\">\n\t\t\t\t<div class=\"elementor-element elementor-element-79aef7f elementor-widget elementor-widget-heading\" data-id=\"79aef7f\" data-element_type=\"widget\" data-widget_type=\"heading.default\">\n\t\t\t\t<div class=\"elementor-widget-container\">\n\t\t\t\t\t<h2 class=\"elementor-heading-title elementor-size-default\">Les \u00e9v\u00e9nements \u00e0 ne pas manquer en juillet au Portugal<\/h2>\t\t\t\t<\/div>\n\t\t\t\t<\/div>\n\t\t\t\t<div class=\"elementor-element elementor-element-b0ce06d elementor-widget elementor-widget-text-editor\" data-id=\"b0ce06d\" data-element_type=\"widget\" data-widget_type=\"text-editor.default\">\n\t\t\t\t<div class=\"elementor-widget-container\">\n\t\t\t\t\t\t\t\t\t<p>Le mois de juillet est un mois riche en festivit\u00e9s au Portugal, entre musique, traditions locales et spectacles originaux.<\/p><p>\u00c0 ne pas manquer : le <a href=\"https:\/\/nosalive.com\/en\/\">NOS Alive Festival,<\/a> qui se tient du 10 au 12 juillet 2025 \u00e0 Oeiras, pr\u00e8s de Lisbonne, au Passeio Mar\u00edtimo de Alg\u00e9s. Avec des artistes de renomm\u00e9e internationale comme Glass Animals, Olivia Rodrigo, Nine Inch Nails, Finneas, ou Kings of Leon, c\u2019est l\u2019un des plus grands festivals rock, indie \u00e9lectro et hip-hop d\u2019Europe.\u00a0<\/p><p>Un autre \u00e9v\u00e9nement phare : le <a href=\"https:\/\/www.boomfestival.org\/tickets\/tickets-info\">Boom Festival<\/a>, du 17 au 24 juillet 2025 au lac d\u2019Idanha-a-Nova. Ce festival alternatif est un incontournable pour les amateurs de musique \u00e9lectronique et de trance psych\u00e9d\u00e9lique, avec une ambiance et un art uniques en leur genre.<\/p><p>Pour une exp\u00e9rience plus familiale et insolite, rendez-vous \u00e0 Lagoa en Algarve pour le Festival International de Sculptures sur Sable (<a href=\"https:\/\/sandcity.pt\/en\">FIESA<\/a>), qui se d\u00e9roule du 28 juin au 8 septembre 2025. Tous les ans, de gigantesques sculptures de sable prennent vie autour de th\u00e8mes mythologiques ou historiques, et elles s\u2019illuminent le soir venu, cr\u00e9ant ainsi une ambiance f\u00e9erique. Des ateliers de sculpture adapt\u00e9s aux familles sont \u00e9galement propos\u00e9s aux touristes voulants s\u2019y essayer.<\/p><p>Enfin, si vous recherchez quelque chose de vraiment diff\u00e9rent, rendez-vous \u00e0 Vila Franca de Xira, \u00e0 seulement 20 minutes au nord de <a href=\"https:\/\/www.allurevillas.com\/blog\/fr\/visites-guidees-lisbonne\/\">Lisbonne<\/a>, pour le <a href=\"https:\/\/coleteencarnado.cm-vfxira.pt\/a-festa\">Festival du Gilet Rouge<\/a> (<em>Festa do Colete Encarnado<\/em>)\u00a0; ce festival rend hommage aux \u00ab <em>campinos<\/em> \u00bb, les gardiens de troupeaux locaux. Ce festival original et haut en couleur, se tient du 4 au 6 juillet 2025, et propose notamment une spectaculaire course de taureaux dans les rues de la ville et pour lequel les participants sont v\u00eatus des fameux gilets rouges.<\/p>\t\t\t\t\t\t\t\t<\/div>\n\t\t\t\t<\/div>\n\t\t\t\t\t<\/div>\n\t\t\t\t<\/div>\n\t\t<div class=\"elementor-element elementor-element-78592a2 e-flex e-con-boxed e-con e-parent\" data-id=\"78592a2\" data-element_type=\"container\">\n\t\t\t\t\t<div class=\"e-con-inner\">\n\t\t\t\t<div class=\"elementor-element elementor-element-1147016 elementor-widget elementor-widget-heading\" data-id=\"1147016\" data-element_type=\"widget\" data-widget_type=\"heading.default\">\n\t\t\t\t<div class=\"elementor-widget-container\">\n\t\t\t\t\t<h2 class=\"elementor-heading-title elementor-size-default\">Les meilleures activit\u00e9s \u00e0 faire au Portugal l\u2019\u00e9t\u00e9<\/h2>\t\t\t\t<\/div>\n\t\t\t\t<\/div>\n\t\t\t\t<div class=\"elementor-element elementor-element-952025f elementor-widget elementor-widget-text-editor\" data-id=\"952025f\" data-element_type=\"widget\" data-widget_type=\"text-editor.default\">\n\t\t\t\t<div class=\"elementor-widget-container\">\n\t\t\t\t\t\t\t\t\t<p>En juillet, le soleil incite \u00e0 sortir profiter du grand air et se d\u00e9tendre.<\/p><p>Alors, direction les plages de l&rsquo;Algarve, comme la Praia da Marinha ou la Meia Praia, pour des journ\u00e9es de farniente. Les surfeurs, eux, trouveront leur bonheur du c\u00f4t\u00e9 d\u2019Ericeira ou de Peniche, des spots r\u00e9put\u00e9s sur la c\u00f4te ouest. Le soleil de juillet au Portugal est aussi id\u00e9al pour pratiquer la plong\u00e9e, le kayak ou encore faire des sorties en bateau.<\/p><p>Dans le nord, la vall\u00e9e du Douro est en pleine floraison. Profitez-en pour faire une croisi\u00e8re fluviale ou visiter des caves \u00e0 vin. Lisbonne et Porto sont r\u00e9put\u00e9es pour les repas en plein air, leurs bars avec rooftops, et leurs concerts \u00e0 ciel ouvert qui offrent d&rsquo;innombrables possibilit\u00e9s de s&rsquo;impr\u00e9gner de l&rsquo;atmosph\u00e8re anim\u00e9e.<\/p><p>Envie d\u2019un peu de fra\u00eecheur ? Partez explorer les montagnes de la Serra da Estrela ou les jardins ombrag\u00e9s de <a href=\"https:\/\/www.allurevillas.com\/blog\/fr\/parc-naturel-de-sintra-cascais\/\">Sintra<\/a>. Mad\u00e8re offre des sentiers de randonn\u00e9e panoramiques, tandis que les A\u00e7ores s\u00e9duisent par leurs lacs volcaniques et leurs reliefs spectaculaires.<\/p>\t\t\t\t\t\t\t\t<\/div>\n\t\t\t\t<\/div>\n\t\t\t\t\t<\/div>\n\t\t\t\t<\/div>\n\t\t<div class=\"elementor-element elementor-element-5ecda42 e-flex e-con-boxed e-con e-parent\" data-id=\"5ecda42\" data-element_type=\"container\">\n\t\t\t\t\t<div class=\"e-con-inner\">\n\t\t\t\t<div class=\"elementor-element elementor-element-173cf71 elementor-widget elementor-widget-image\" data-id=\"173cf71\" data-element_type=\"widget\" data-widget_type=\"image.default\">\n\t\t\t\t<div class=\"elementor-widget-container\">\n\t\t\t\t\t\t\t\t\t\t\t\t\t\t\t<img decoding=\"async\" width=\"1254\" height=\"627\" src=\"https:\/\/www.allurevillas.com\/blog\/wp-content\/uploads\/2025\/05\/Portugal-in-July.jpg\" class=\"attachment-full size-full wp-image-2159\" alt=\"Portugal-in-July.jpg\" srcset=\"https:\/\/www.allurevillas.com\/blog\/wp-content\/uploads\/2025\/05\/Portugal-in-July.jpg 1254w, https:\/\/www.allurevillas.com\/blog\/wp-content\/uploads\/2025\/05\/Portugal-in-July-300x150.jpg 300w, https:\/\/www.allurevillas.com\/blog\/wp-content\/uploads\/2025\/05\/Portugal-in-July-1024x512.jpg 1024w, https:\/\/www.allurevillas.com\/blog\/wp-content\/uploads\/2025\/05\/Portugal-in-July-768x384.jpg 768w\" sizes=\"(max-width: 1254px) 100vw, 1254px\" \/>\t\t\t\t\t\t\t\t\t\t\t\t\t\t\t<\/div>\n\t\t\t\t<\/div>\n\t\t\t\t\t<\/div>\n\t\t\t\t<\/div>\n\t\t<div class=\"elementor-element elementor-element-c1e65c5 e-flex e-con-boxed e-con e-parent\" data-id=\"c1e65c5\" data-element_type=\"container\">\n\t\t\t\t\t<div class=\"e-con-inner\">\n\t\t\t\t<div class=\"elementor-element elementor-element-09aec16 elementor-widget elementor-widget-heading\" data-id=\"09aec16\" data-element_type=\"widget\" data-widget_type=\"heading.default\">\n\t\t\t\t<div class=\"elementor-widget-container\">\n\t\t\t\t\t<h2 class=\"elementor-heading-title elementor-size-default\">Le Portugal, la destination id\u00e9ale en juillet ?<\/h2>\t\t\t\t<\/div>\n\t\t\t\t<\/div>\n\t\t\t\t<div class=\"elementor-element elementor-element-dcab682 elementor-widget elementor-widget-text-editor\" data-id=\"dcab682\" data-element_type=\"widget\" data-widget_type=\"text-editor.default\">\n\t\t\t\t<div class=\"elementor-widget-container\">\n\t\t\t\t\t\t\t\t\t<p>Le Portugal est sans aucun doute une destination de choix pour les vacanciers \u00e0 la recherche d&rsquo;une exp\u00e9rience estivale compl\u00e8te. Avec son climat ensoleill\u00e9, sa culture vari\u00e9e, ses festivals anim\u00e9s, ses plages idylliques et sa liste infinie d&rsquo;activit\u00e9s, le Portugal brille de mille feux au mois de juillet. Que vous soyez amateur de plage au sable fin, de vignobles, ou d\u2019\u00eeles paradisiaques, vous y trouverez votre bonheur.<\/p><p>Et pour rendre votre s\u00e9jour encore plus agr\u00e9able, pensez \u00e0 r\u00e9server votre h\u00e9bergement avec <a href=\"https:\/\/www.allurevillas.com\/fr\/\">Allure Villas.<\/a> Nos locations de vacances, soigneusement s\u00e9lectionn\u00e9es dans les plus beaux coins du Portugal, vous offrent confort, charme local et une exp\u00e9rience authentique. Alors, pr\u00eat \u00e0 faire vos valises ?<\/p>\t\t\t\t\t\t\t\t<\/div>\n\t\t\t\t<\/div>\n\t\t\t\t\t<\/div>\n\t\t\t\t<\/div>\n\t\t<div class=\"elementor-element elementor-element-2f6b6b04 e-flex e-con-boxed e-con e-parent\" data-id=\"2f6b6b04\" data-element_type=\"container\">\n\t\t\t\t\t<div class=\"e-con-inner\">\n\t\t\t\t<div class=\"elementor-element elementor-element-66727302 elementor-widget elementor-widget-shortcode\" data-id=\"66727302\" data-element_type=\"widget\" data-widget_type=\"shortcode.default\">\n\t\t\t\t<div class=\"elementor-widget-container\">\n\t\t\t\t\t\t\t<div class=\"elementor-shortcode\">\t\t<div data-elementor-type=\"container\" data-elementor-id=\"1037\" class=\"elementor elementor-1037 elementor-1017\" data-elementor-post-type=\"elementor_library\">\n\t\t\t\t<div class=\"elementor-element elementor-element-168da7fd e-flex e-con-boxed e-con e-parent\" data-id=\"168da7fd\" data-element_type=\"container\">\n\t\t\t\t\t<div class=\"e-con-inner\">\n\t\t<div class=\"elementor-element elementor-element-6123032b e-con-full e-flex e-con e-child\" data-id=\"6123032b\" data-element_type=\"container\">\n\t\t\t\t<div class=\"elementor-element elementor-element-6a844d8 elementor-align-justify elementor-widget elementor-widget-button\" data-id=\"6a844d8\" data-element_type=\"widget\" data-widget_type=\"button.default\">\n\t\t\t\t<div class=\"elementor-widget-container\">\n\t\t\t\t\t\t\t\t\t<div class=\"elementor-button-wrapper\">\n\t\t\t\t\t<a class=\"elementor-button elementor-button-link elementor-size-sm\" href=\"https:\/\/www.allurevillas.com\/fr\/location-lisbonne-vacances\/\">\n\t\t\t\t\t\t<span class=\"elementor-button-content-wrapper\">\n\t\t\t\t\t\t\t\t\t<span class=\"elementor-button-text\">H\u00e9b\u00e9rgement Lisbonne<\/span>\n\t\t\t\t\t<\/span>\n\t\t\t\t\t<\/a>\n\t\t\t\t<\/div>\n\t\t\t\t\t\t\t\t<\/div>\n\t\t\t\t<\/div>\n\t\t\t\t<\/div>\n\t\t<div class=\"elementor-element elementor-element-70099e9b e-con-full e-flex e-con e-child\" data-id=\"70099e9b\" data-element_type=\"container\">\n\t\t\t\t<div class=\"elementor-element elementor-element-4088d3a7 elementor-align-justify elementor-widget elementor-widget-button\" data-id=\"4088d3a7\" data-element_type=\"widget\" data-widget_type=\"button.default\">\n\t\t\t\t<div class=\"elementor-widget-container\">\n\t\t\t\t\t\t\t\t\t<div class=\"elementor-button-wrapper\">\n\t\t\t\t\t<a class=\"elementor-button elementor-button-link elementor-size-sm\" href=\"https:\/\/www.allurevillas.com\/fr\/location-villa-lisbonne-vacances\/\">\n\t\t\t\t\t\t<span class=\"elementor-button-content-wrapper\">\n\t\t\t\t\t\t\t\t\t<span class=\"elementor-button-text\">Villas Lisbonne<\/span>\n\t\t\t\t\t<\/span>\n\t\t\t\t\t<\/a>\n\t\t\t\t<\/div>\n\t\t\t\t\t\t\t\t<\/div>\n\t\t\t\t<\/div>\n\t\t\t\t<\/div>\n\t\t\t\t\t<\/div>\n\t\t\t\t<\/div>\n\t\t\t\t<\/div>\n\t\t<\/div>\n\t\t\t\t\t\t<\/div>\n\t\t\t\t<\/div>\n\t\t\t\t\t<\/div>\n\t\t\t\t<\/div>\n\t\t\t\t<\/div>\n\t\t","protected":false},"excerpt":{"rendered":"<p>Le mois de juillet au Portugal est la p\u00e9riode estivale par excellence et qui \u00e9voque instantan\u00e9ment des journ\u00e9es baign\u00e9es de&#8230;<\/p>\n","protected":false},"author":3,"featured_media":2163,"comment_status":"open","ping_status":"open","sticky":false,"template":"","format":"standard","meta":{"footnotes":""},"categories":[56],"tags":[],"class_list":["post-2362","post","type-post","status-publish","format-standard","has-post-thumbnail","hentry","category-montly-activities"],"yoast_head":"<!-- This site is optimized with the Yoast SEO plugin v26.7 - https:\/\/yoast.com\/wordpress\/plugins\/seo\/ -->\n<title>Le Portugal en juillet : pourquoi l\u2019\u00e9t\u00e9 y est-il si sp\u00e9cial ? - Allure Villas | Blog<\/title>\n<meta name=\"description\" content=\"Explorez le Portugal en juillet : plages ensoleill\u00e9es, festivals anim\u00e9s et villes charg\u00e9es d&#039;histoire. Une destination estivale parfaite !\" \/>\n<meta name=\"robots\" content=\"index, follow, max-snippet:-1, max-image-preview:large, max-video-preview:-1\" \/>\n<link rel=\"canonical\" href=\"https:\/\/www.allurevillas.com\/blog\/fr\/portugal-en-juillet\/\" \/>\n<meta property=\"og:locale\" content=\"fr_FR\" \/>\n<meta property=\"og:type\" content=\"article\" \/>\n<meta property=\"og:title\" content=\"Le Portugal en juillet : pourquoi l\u2019\u00e9t\u00e9 y est-il si sp\u00e9cial ? - Allure Villas | Blog\" \/>\n<meta property=\"og:description\" content=\"Explorez le Portugal en juillet : plages ensoleill\u00e9es, festivals anim\u00e9s et villes charg\u00e9es d&#039;histoire. Une destination estivale parfaite !\" \/>\n<meta property=\"og:url\" content=\"https:\/\/www.allurevillas.com\/blog\/fr\/portugal-en-juillet\/\" \/>\n<meta property=\"og:site_name\" content=\"Allure Villas | Blog\" \/>\n<meta property=\"article:published_time\" content=\"2025-05-02T08:51:17+00:00\" \/>\n<meta property=\"article:modified_time\" content=\"2025-05-26T14:46:45+00:00\" \/>\n<meta property=\"og:image\" content=\"https:\/\/www.allurevillas.com\/blog\/wp-content\/uploads\/2025\/05\/July-in-Portugal.jpg\" \/>\n\t<meta property=\"og:image:width\" content=\"2120\" \/>\n\t<meta property=\"og:image:height\" content=\"707\" \/>\n\t<meta property=\"og:image:type\" content=\"image\/jpeg\" \/>\n<meta name=\"author\" content=\"digitalservices@avantio.com\" \/>\n<meta name=\"twitter:card\" content=\"summary_large_image\" \/>\n<meta name=\"twitter:label1\" content=\"\u00c9crit par\" \/>\n\t<meta name=\"twitter:data1\" content=\"digitalservices@avantio.com\" \/>\n\t<meta name=\"twitter:label2\" content=\"Dur\u00e9e de lecture estim\u00e9e\" \/>\n\t<meta name=\"twitter:data2\" content=\"7 minutes\" \/>\n<script type=\"application\/ld+json\" class=\"yoast-schema-graph\">{\"@context\":\"https:\/\/schema.org\",\"@graph\":[{\"@type\":\"Article\",\"@id\":\"https:\/\/www.allurevillas.com\/blog\/fr\/portugal-en-juillet\/#article\",\"isPartOf\":{\"@id\":\"https:\/\/www.allurevillas.com\/blog\/fr\/portugal-en-juillet\/\"},\"author\":{\"name\":\"digitalservices@avantio.com\",\"@id\":\"https:\/\/www.allurevillas.com\/blog\/fr\/#\/schema\/person\/75dbd1c5fe5ba14c5177986e12ca8e24\"},\"headline\":\"Le Portugal en juillet : pourquoi l\u2019\u00e9t\u00e9 y est-il si sp\u00e9cial ?\",\"datePublished\":\"2025-05-02T08:51:17+00:00\",\"dateModified\":\"2025-05-26T14:46:45+00:00\",\"mainEntityOfPage\":{\"@id\":\"https:\/\/www.allurevillas.com\/blog\/fr\/portugal-en-juillet\/\"},\"wordCount\":1220,\"commentCount\":0,\"image\":{\"@id\":\"https:\/\/www.allurevillas.com\/blog\/fr\/portugal-en-juillet\/#primaryimage\"},\"thumbnailUrl\":\"https:\/\/www.allurevillas.com\/blog\/wp-content\/uploads\/2025\/05\/July-in-Portugal.jpg\",\"articleSection\":[\"Montly activities\"],\"inLanguage\":\"fr-FR\",\"potentialAction\":[{\"@type\":\"CommentAction\",\"name\":\"Comment\",\"target\":[\"https:\/\/www.allurevillas.com\/blog\/fr\/portugal-en-juillet\/#respond\"]}]},{\"@type\":\"WebPage\",\"@id\":\"https:\/\/www.allurevillas.com\/blog\/fr\/portugal-en-juillet\/\",\"url\":\"https:\/\/www.allurevillas.com\/blog\/fr\/portugal-en-juillet\/\",\"name\":\"Le Portugal en juillet : pourquoi l\u2019\u00e9t\u00e9 y est-il si sp\u00e9cial ? - Allure Villas | Blog\",\"isPartOf\":{\"@id\":\"https:\/\/www.allurevillas.com\/blog\/fr\/#website\"},\"primaryImageOfPage\":{\"@id\":\"https:\/\/www.allurevillas.com\/blog\/fr\/portugal-en-juillet\/#primaryimage\"},\"image\":{\"@id\":\"https:\/\/www.allurevillas.com\/blog\/fr\/portugal-en-juillet\/#primaryimage\"},\"thumbnailUrl\":\"https:\/\/www.allurevillas.com\/blog\/wp-content\/uploads\/2025\/05\/July-in-Portugal.jpg\",\"datePublished\":\"2025-05-02T08:51:17+00:00\",\"dateModified\":\"2025-05-26T14:46:45+00:00\",\"author\":{\"@id\":\"https:\/\/www.allurevillas.com\/blog\/fr\/#\/schema\/person\/75dbd1c5fe5ba14c5177986e12ca8e24\"},\"description\":\"Explorez le Portugal en juillet : plages ensoleill\u00e9es, festivals anim\u00e9s et villes charg\u00e9es d'histoire. Une destination estivale parfaite !\",\"breadcrumb\":{\"@id\":\"https:\/\/www.allurevillas.com\/blog\/fr\/portugal-en-juillet\/#breadcrumb\"},\"inLanguage\":\"fr-FR\",\"potentialAction\":[{\"@type\":\"ReadAction\",\"target\":[\"https:\/\/www.allurevillas.com\/blog\/fr\/portugal-en-juillet\/\"]}]},{\"@type\":\"ImageObject\",\"inLanguage\":\"fr-FR\",\"@id\":\"https:\/\/www.allurevillas.com\/blog\/fr\/portugal-en-juillet\/#primaryimage\",\"url\":\"https:\/\/www.allurevillas.com\/blog\/wp-content\/uploads\/2025\/05\/July-in-Portugal.jpg\",\"contentUrl\":\"https:\/\/www.allurevillas.com\/blog\/wp-content\/uploads\/2025\/05\/July-in-Portugal.jpg\",\"width\":2120,\"height\":707,\"caption\":\"JULHO Portugal in July: What makes Summer here so special? READ MORE\"},{\"@type\":\"BreadcrumbList\",\"@id\":\"https:\/\/www.allurevillas.com\/blog\/fr\/portugal-en-juillet\/#breadcrumb\",\"itemListElement\":[{\"@type\":\"ListItem\",\"position\":1,\"name\":\"Home\",\"item\":\"https:\/\/www.allurevillas.com\/blog\/fr\/\"},{\"@type\":\"ListItem\",\"position\":2,\"name\":\"Le Portugal en juillet : pourquoi l\u2019\u00e9t\u00e9 y est-il si sp\u00e9cial ?\"}]},{\"@type\":\"WebSite\",\"@id\":\"https:\/\/www.allurevillas.com\/blog\/fr\/#website\",\"url\":\"https:\/\/www.allurevillas.com\/blog\/fr\/\",\"name\":\"Allure Villas | Blog\",\"description\":\"Allure Villas\",\"potentialAction\":[{\"@type\":\"SearchAction\",\"target\":{\"@type\":\"EntryPoint\",\"urlTemplate\":\"https:\/\/www.allurevillas.com\/blog\/fr\/?s={search_term_string}\"},\"query-input\":{\"@type\":\"PropertyValueSpecification\",\"valueRequired\":true,\"valueName\":\"search_term_string\"}}],\"inLanguage\":\"fr-FR\"},{\"@type\":\"Person\",\"@id\":\"https:\/\/www.allurevillas.com\/blog\/fr\/#\/schema\/person\/75dbd1c5fe5ba14c5177986e12ca8e24\",\"name\":\"digitalservices@avantio.com\",\"image\":{\"@type\":\"ImageObject\",\"inLanguage\":\"fr-FR\",\"@id\":\"https:\/\/www.allurevillas.com\/blog\/fr\/#\/schema\/person\/image\/\",\"url\":\"https:\/\/secure.gravatar.com\/avatar\/af30f88a1904294c1f3eb09a9d7903eec4ffa18fa2cf40c28a8681014ecdfc20?s=96&d=mm&r=g\",\"contentUrl\":\"https:\/\/secure.gravatar.com\/avatar\/af30f88a1904294c1f3eb09a9d7903eec4ffa18fa2cf40c28a8681014ecdfc20?s=96&d=mm&r=g\",\"caption\":\"digitalservices@avantio.com\"},\"url\":\"https:\/\/www.allurevillas.com\/blog\/fr\/author\/digitalservicesavantio-com\/\"}]}<\/script>\n<!-- \/ Yoast SEO plugin. -->","yoast_head_json":{"title":"Le Portugal en juillet : pourquoi l\u2019\u00e9t\u00e9 y est-il si sp\u00e9cial ? - Allure Villas | Blog","description":"Explorez le Portugal en juillet : plages ensoleill\u00e9es, festivals anim\u00e9s et villes charg\u00e9es d'histoire. Une destination estivale parfaite !","robots":{"index":"index","follow":"follow","max-snippet":"max-snippet:-1","max-image-preview":"max-image-preview:large","max-video-preview":"max-video-preview:-1"},"canonical":"https:\/\/www.allurevillas.com\/blog\/fr\/portugal-en-juillet\/","og_locale":"fr_FR","og_type":"article","og_title":"Le Portugal en juillet : pourquoi l\u2019\u00e9t\u00e9 y est-il si sp\u00e9cial ? - Allure Villas | Blog","og_description":"Explorez le Portugal en juillet : plages ensoleill\u00e9es, festivals anim\u00e9s et villes charg\u00e9es d'histoire. Une destination estivale parfaite !","og_url":"https:\/\/www.allurevillas.com\/blog\/fr\/portugal-en-juillet\/","og_site_name":"Allure Villas | Blog","article_published_time":"2025-05-02T08:51:17+00:00","article_modified_time":"2025-05-26T14:46:45+00:00","og_image":[{"width":2120,"height":707,"url":"https:\/\/www.allurevillas.com\/blog\/wp-content\/uploads\/2025\/05\/July-in-Portugal.jpg","type":"image\/jpeg"}],"author":"digitalservices@avantio.com","twitter_card":"summary_large_image","twitter_misc":{"\u00c9crit par":"digitalservices@avantio.com","Dur\u00e9e de lecture estim\u00e9e":"7 minutes"},"schema":{"@context":"https:\/\/schema.org","@graph":[{"@type":"Article","@id":"https:\/\/www.allurevillas.com\/blog\/fr\/portugal-en-juillet\/#article","isPartOf":{"@id":"https:\/\/www.allurevillas.com\/blog\/fr\/portugal-en-juillet\/"},"author":{"name":"digitalservices@avantio.com","@id":"https:\/\/www.allurevillas.com\/blog\/fr\/#\/schema\/person\/75dbd1c5fe5ba14c5177986e12ca8e24"},"headline":"Le Portugal en juillet : pourquoi l\u2019\u00e9t\u00e9 y est-il si sp\u00e9cial ?","datePublished":"2025-05-02T08:51:17+00:00","dateModified":"2025-05-26T14:46:45+00:00","mainEntityOfPage":{"@id":"https:\/\/www.allurevillas.com\/blog\/fr\/portugal-en-juillet\/"},"wordCount":1220,"commentCount":0,"image":{"@id":"https:\/\/www.allurevillas.com\/blog\/fr\/portugal-en-juillet\/#primaryimage"},"thumbnailUrl":"https:\/\/www.allurevillas.com\/blog\/wp-content\/uploads\/2025\/05\/July-in-Portugal.jpg","articleSection":["Montly activities"],"inLanguage":"fr-FR","potentialAction":[{"@type":"CommentAction","name":"Comment","target":["https:\/\/www.allurevillas.com\/blog\/fr\/portugal-en-juillet\/#respond"]}]},{"@type":"WebPage","@id":"https:\/\/www.allurevillas.com\/blog\/fr\/portugal-en-juillet\/","url":"https:\/\/www.allurevillas.com\/blog\/fr\/portugal-en-juillet\/","name":"Le Portugal en juillet : pourquoi l\u2019\u00e9t\u00e9 y est-il si sp\u00e9cial ? - Allure Villas | Blog","isPartOf":{"@id":"https:\/\/www.allurevillas.com\/blog\/fr\/#website"},"primaryImageOfPage":{"@id":"https:\/\/www.allurevillas.com\/blog\/fr\/portugal-en-juillet\/#primaryimage"},"image":{"@id":"https:\/\/www.allurevillas.com\/blog\/fr\/portugal-en-juillet\/#primaryimage"},"thumbnailUrl":"https:\/\/www.allurevillas.com\/blog\/wp-content\/uploads\/2025\/05\/July-in-Portugal.jpg","datePublished":"2025-05-02T08:51:17+00:00","dateModified":"2025-05-26T14:46:45+00:00","author":{"@id":"https:\/\/www.allurevillas.com\/blog\/fr\/#\/schema\/person\/75dbd1c5fe5ba14c5177986e12ca8e24"},"description":"Explorez le Portugal en juillet : plages ensoleill\u00e9es, festivals anim\u00e9s et villes charg\u00e9es d'histoire. Une destination estivale parfaite !","breadcrumb":{"@id":"https:\/\/www.allurevillas.com\/blog\/fr\/portugal-en-juillet\/#breadcrumb"},"inLanguage":"fr-FR","potentialAction":[{"@type":"ReadAction","target":["https:\/\/www.allurevillas.com\/blog\/fr\/portugal-en-juillet\/"]}]},{"@type":"ImageObject","inLanguage":"fr-FR","@id":"https:\/\/www.allurevillas.com\/blog\/fr\/portugal-en-juillet\/#primaryimage","url":"https:\/\/www.allurevillas.com\/blog\/wp-content\/uploads\/2025\/05\/July-in-Portugal.jpg","contentUrl":"https:\/\/www.allurevillas.com\/blog\/wp-content\/uploads\/2025\/05\/July-in-Portugal.jpg","width":2120,"height":707,"caption":"JULHO Portugal in July: What makes Summer here so special? READ MORE"},{"@type":"BreadcrumbList","@id":"https:\/\/www.allurevillas.com\/blog\/fr\/portugal-en-juillet\/#breadcrumb","itemListElement":[{"@type":"ListItem","position":1,"name":"Home","item":"https:\/\/www.allurevillas.com\/blog\/fr\/"},{"@type":"ListItem","position":2,"name":"Le Portugal en juillet : pourquoi l\u2019\u00e9t\u00e9 y est-il si sp\u00e9cial ?"}]},{"@type":"WebSite","@id":"https:\/\/www.allurevillas.com\/blog\/fr\/#website","url":"https:\/\/www.allurevillas.com\/blog\/fr\/","name":"Allure Villas | Blog","description":"Allure Villas","potentialAction":[{"@type":"SearchAction","target":{"@type":"EntryPoint","urlTemplate":"https:\/\/www.allurevillas.com\/blog\/fr\/?s={search_term_string}"},"query-input":{"@type":"PropertyValueSpecification","valueRequired":true,"valueName":"search_term_string"}}],"inLanguage":"fr-FR"},{"@type":"Person","@id":"https:\/\/www.allurevillas.com\/blog\/fr\/#\/schema\/person\/75dbd1c5fe5ba14c5177986e12ca8e24","name":"digitalservices@avantio.com","image":{"@type":"ImageObject","inLanguage":"fr-FR","@id":"https:\/\/www.allurevillas.com\/blog\/fr\/#\/schema\/person\/image\/","url":"https:\/\/secure.gravatar.com\/avatar\/af30f88a1904294c1f3eb09a9d7903eec4ffa18fa2cf40c28a8681014ecdfc20?s=96&d=mm&r=g","contentUrl":"https:\/\/secure.gravatar.com\/avatar\/af30f88a1904294c1f3eb09a9d7903eec4ffa18fa2cf40c28a8681014ecdfc20?s=96&d=mm&r=g","caption":"digitalservices@avantio.com"},"url":"https:\/\/www.allurevillas.com\/blog\/fr\/author\/digitalservicesavantio-com\/"}]}},"_links":{"self":[{"href":"https:\/\/www.allurevillas.com\/blog\/fr\/wp-json\/wp\/v2\/posts\/2362","targetHints":{"allow":["GET"]}}],"collection":[{"href":"https:\/\/www.allurevillas.com\/blog\/fr\/wp-json\/wp\/v2\/posts"}],"about":[{"href":"https:\/\/www.allurevillas.com\/blog\/fr\/wp-json\/wp\/v2\/types\/post"}],"author":[{"embeddable":true,"href":"https:\/\/www.allurevillas.com\/blog\/fr\/wp-json\/wp\/v2\/users\/3"}],"replies":[{"embeddable":true,"href":"https:\/\/www.allurevillas.com\/blog\/fr\/wp-json\/wp\/v2\/comments?post=2362"}],"version-history":[{"count":7,"href":"https:\/\/www.allurevillas.com\/blog\/fr\/wp-json\/wp\/v2\/posts\/2362\/revisions"}],"predecessor-version":[{"id":2420,"href":"https:\/\/www.allurevillas.com\/blog\/fr\/wp-json\/wp\/v2\/posts\/2362\/revisions\/2420"}],"wp:featuredmedia":[{"embeddable":true,"href":"https:\/\/www.allurevillas.com\/blog\/fr\/wp-json\/wp\/v2\/media\/2163"}],"wp:attachment":[{"href":"https:\/\/www.allurevillas.com\/blog\/fr\/wp-json\/wp\/v2\/media?parent=2362"}],"wp:term":[{"taxonomy":"category","embeddable":true,"href":"https:\/\/www.allurevillas.com\/blog\/fr\/wp-json\/wp\/v2\/categories?post=2362"},{"taxonomy":"post_tag","embeddable":true,"href":"https:\/\/www.allurevillas.com\/blog\/fr\/wp-json\/wp\/v2\/tags?post=2362"}],"curies":[{"name":"wp","href":"https:\/\/api.w.org\/{rel}","templated":true}]}}