{"id":688,"date":"2024-09-09T11:01:50","date_gmt":"2024-09-09T11:01:50","guid":{"rendered":"https:\/\/www.allurevillas.com\/blog\/?p=688"},"modified":"2026-01-15T16:25:28","modified_gmt":"2026-01-15T16:25:28","slug":"parc-naturel-arrabida","status":"publish","type":"post","link":"https:\/\/www.allurevillas.com\/blog\/fr\/parc-naturel-arrabida\/","title":{"rendered":"Un voyage \u00e0 travers le parc naturel d&rsquo;Arr\u00e1bida : Le guide essentiel du voyageur"},"content":{"rendered":"\t\t<div data-elementor-type=\"wp-post\" data-elementor-id=\"688\" class=\"elementor elementor-688 elementor-598\" data-elementor-post-type=\"post\">\n\t\t\t\t<div class=\"elementor-element elementor-element-2205eb15 e-flex e-con-boxed e-con e-parent\" data-id=\"2205eb15\" data-element_type=\"container\">\n\t\t\t\t\t<div class=\"e-con-inner\">\n\t\t\t\t<div class=\"elementor-element elementor-element-106fa077 elementor-widget elementor-widget-text-editor\" data-id=\"106fa077\" data-element_type=\"widget\" data-widget_type=\"text-editor.default\">\n\t\t\t\t<div class=\"elementor-widget-container\">\n\t\t\t\t\t\t\t\t\t<p>Nich\u00e9 dans le district de Set\u00fabal au Portugal, le parc naturel d&rsquo;Arr\u00e1bida (Parque Natural da Arr\u00e1bida) est un exemple \u00e9poustouflant de la diversit\u00e9 des paysages naturels du Portugal. D&rsquo;une superficie d&rsquo;environ 108 kilom\u00e8tres carr\u00e9s, ce parc prot\u00e9g\u00e9 est r\u00e9put\u00e9 pour ses falaises de calcaire impressionnantes, ses for\u00eats verdoyantes et ses plages immacul\u00e9es. Cr\u00e9\u00e9e en 1976, la d\u00e9signation du parc en tant que r\u00e9serve naturelle souligne son importance \u00e9cologique et son engagement \u00e0 pr\u00e9server son environnement unique.<\/p><p>Souvent appel\u00e9e Costa Azul ou C\u00f4te bleue, la g\u00e9ographie du parc se caract\u00e9rise par la spectaculaire cha\u00eene de montagnes Serra da Arr\u00e1bida, qui s&rsquo;\u00e9l\u00e8ve majestueusement au-dessus du littoral atlantique. Cette r\u00e9gion pittoresque offre une retraite paisible loin de la vie urbaine, ce qui en fait un havre de paix pour les amoureux de la nature, les amateurs d&rsquo;aventure et ceux qui cherchent simplement \u00e0 se d\u00e9tendre dans un cadre naturel.<\/p>\t\t\t\t\t\t\t\t<\/div>\n\t\t\t\t<\/div>\n\t\t\t\t\t<\/div>\n\t\t\t\t<\/div>\n\t\t<div class=\"elementor-element elementor-element-1e1e55ba e-flex e-con-boxed e-con e-parent\" data-id=\"1e1e55ba\" data-element_type=\"container\">\n\t\t\t\t\t<div class=\"e-con-inner\">\n\t\t\t\t<div class=\"elementor-element elementor-element-e78cfd5 elementor-widget elementor-widget-table-of-contents\" data-id=\"e78cfd5\" data-element_type=\"widget\" data-settings=\"{&quot;headings_by_tags&quot;:[&quot;h2&quot;],&quot;exclude_headings_by_selector&quot;:[],&quot;marker_view&quot;:&quot;bullets&quot;,&quot;no_headings_message&quot;:&quot;No headings were found on this page.&quot;,&quot;icon&quot;:{&quot;value&quot;:&quot;fas fa-circle&quot;,&quot;library&quot;:&quot;fa-solid&quot;,&quot;rendered_tag&quot;:&quot;&lt;svg class=\\&quot;e-font-icon-svg e-fas-circle\\&quot; viewBox=\\&quot;0 0 512 512\\&quot; xmlns=\\&quot;http:\\\/\\\/www.w3.org\\\/2000\\\/svg\\&quot;&gt;&lt;path d=\\&quot;M256 8C119 8 8 119 8 256s111 248 248 248 248-111 248-248S393 8 256 8z\\&quot;&gt;&lt;\\\/path&gt;&lt;\\\/svg&gt;&quot;},&quot;hierarchical_view&quot;:&quot;yes&quot;,&quot;min_height&quot;:{&quot;unit&quot;:&quot;px&quot;,&quot;size&quot;:&quot;&quot;,&quot;sizes&quot;:[]},&quot;min_height_tablet&quot;:{&quot;unit&quot;:&quot;px&quot;,&quot;size&quot;:&quot;&quot;,&quot;sizes&quot;:[]},&quot;min_height_mobile&quot;:{&quot;unit&quot;:&quot;px&quot;,&quot;size&quot;:&quot;&quot;,&quot;sizes&quot;:[]}}\" data-widget_type=\"table-of-contents.default\">\n\t\t\t\t<div class=\"elementor-widget-container\">\n\t\t\t\t\t\t\t\t\t<div class=\"elementor-toc__header\">\n\t\t\t\t\t\t<div class=\"elementor-toc__header-title\">\n\t\t\t\tSommaire\t\t\t<\/div>\n\t\t\t\t\t\t\t\t<\/div>\n\t\t\t\t<div id=\"elementor-toc__e78cfd5\" class=\"elementor-toc__body\">\n\t\t\t<div class=\"elementor-toc__spinner-container\">\n\t\t\t\t<svg class=\"elementor-toc__spinner eicon-animation-spin e-font-icon-svg e-eicon-loading\" aria-hidden=\"true\" viewBox=\"0 0 1000 1000\" xmlns=\"http:\/\/www.w3.org\/2000\/svg\"><path d=\"M500 975V858C696 858 858 696 858 500S696 142 500 142 142 304 142 500H25C25 237 238 25 500 25S975 237 975 500 763 975 500 975Z\"><\/path><\/svg>\t\t\t<\/div>\n\t\t<\/div>\n\t\t\t\t\t\t<\/div>\n\t\t\t\t<\/div>\n\t\t\t\t\t<\/div>\n\t\t\t\t<\/div>\n\t\t<div class=\"elementor-element elementor-element-76d5890f e-flex e-con-boxed e-con e-parent\" data-id=\"76d5890f\" data-element_type=\"container\">\n\t\t\t\t\t<div class=\"e-con-inner\">\n\t\t\t\t<div class=\"elementor-element elementor-element-e308763 elementor-widget elementor-widget-heading\" data-id=\"e308763\" data-element_type=\"widget\" data-widget_type=\"heading.default\">\n\t\t\t\t<div class=\"elementor-widget-container\">\n\t\t\t\t\t<h2 class=\"elementor-heading-title elementor-size-default\">La flore et la faune du parc naturel d'Arr\u00e1bida<\/h2>\t\t\t\t<\/div>\n\t\t\t\t<\/div>\n\t\t\t\t<div class=\"elementor-element elementor-element-355b00d7 elementor-widget elementor-widget-text-editor\" data-id=\"355b00d7\" data-element_type=\"widget\" data-widget_type=\"text-editor.default\">\n\t\t\t\t<div class=\"elementor-widget-container\">\n\t\t\t\t\t\t\t\t\t<p>Le parc naturel d&rsquo;Arr\u00e1bida abrite une riche mosa\u00efque de flore et de faune, reflet de la diversit\u00e9 de ses habitats. La v\u00e9g\u00e9tation luxuriante du parc comprend des esp\u00e8ces m\u00e9diterran\u00e9ennes, telles que des ch\u00eanes-li\u00e8ges, des pins maritimes et une vari\u00e9t\u00e9 d&rsquo;herbes aromatiques comme le romarin et le thym. Ces plantes font non seulement partie int\u00e9grante de la beaut\u00e9 du paysage du parc, mais elles sont \u00e9galement essentielles \u00e0 la survie d&rsquo;une grande vari\u00e9t\u00e9 d&rsquo;esp\u00e8ces sauvages.<\/p><p>La faune du parc comprend des esp\u00e8ces remarquables telles que le lynx ib\u00e9rique, une cr\u00e9ature rare et insaisissable qui trouve refuge dans les for\u00eats denses du parc. Les amateurs d&rsquo;oiseaux seront ravis d&rsquo;observer des esp\u00e8ces comme l&rsquo;aigle de Bonelli et le faucon p\u00e8lerin. En outre, les eaux c\u00f4ti\u00e8res sont fr\u00e9quent\u00e9es par des dauphins et divers oiseaux marins, ce qui met en \u00e9vidence la riche biodiversit\u00e9 du parc.<\/p>\t\t\t\t\t\t\t\t<\/div>\n\t\t\t\t<\/div>\n\t\t\t\t\t<\/div>\n\t\t\t\t<\/div>\n\t\t<div class=\"elementor-element elementor-element-32ba132 e-flex e-con-boxed e-con e-parent\" data-id=\"32ba132\" data-element_type=\"container\">\n\t\t\t\t\t<div class=\"e-con-inner\">\n\t\t\t\t<div class=\"elementor-element elementor-element-e0b061d elementor-widget elementor-widget-heading\" data-id=\"e0b061d\" data-element_type=\"widget\" data-widget_type=\"heading.default\">\n\t\t\t\t<div class=\"elementor-widget-container\">\n\t\t\t\t\t<h2 class=\"elementor-heading-title elementor-size-default\">Sentiers de randonn\u00e9e et activit\u00e9s en plein air<\/h2>\t\t\t\t<\/div>\n\t\t\t\t<\/div>\n\t\t\t\t<div class=\"elementor-element elementor-element-ac858af elementor-widget elementor-widget-text-editor\" data-id=\"ac858af\" data-element_type=\"widget\" data-widget_type=\"text-editor.default\">\n\t\t\t\t<div class=\"elementor-widget-container\">\n\t\t\t\t\t\t\t\t\t<p>Pour les amateurs de nature, le parc national d&rsquo;Arr\u00e1bida offre un large \u00e9ventail de sentiers de randonn\u00e9e et d&rsquo;activit\u00e9s qui mettent en valeur sa beaut\u00e9 naturelle. L&rsquo;un des sentiers les plus populaires du parc est la Rota dos Moinhos, qui conduit les randonneurs \u00e0 travers des paysages pittoresques et le long de moulins \u00e0 vent historiques. Ce sentier offre des vues panoramiques sur les collines environnantes et l&rsquo;oc\u00e9an Atlantique.<\/p><p>Outre la randonn\u00e9e, le parc permet de faire du VTT, de l&rsquo;escalade et d&rsquo;observer les oiseaux. Les falaises c\u00f4ti\u00e8res sont id\u00e9ales pour l&rsquo;escalade, tandis que les eaux calmes de la baie sont parfaites pour le kayak, la plong\u00e9e avec masque et tuba et la plong\u00e9e sous-marine.<\/p>\t\t\t\t\t\t\t\t<\/div>\n\t\t\t\t<\/div>\n\t\t\t\t\t<\/div>\n\t\t\t\t<\/div>\n\t\t<div class=\"elementor-element elementor-element-62038e89 e-flex e-con-boxed e-con e-parent\" data-id=\"62038e89\" data-element_type=\"container\">\n\t\t\t\t\t<div class=\"e-con-inner\">\n\t\t\t\t<div class=\"elementor-element elementor-element-1fa08e3 elementor-widget elementor-widget-image\" data-id=\"1fa08e3\" data-element_type=\"widget\" data-widget_type=\"image.default\">\n\t\t\t\t<div class=\"elementor-widget-container\">\n\t\t\t\t\t\t\t\t\t\t\t\t\t\t\t<img fetchpriority=\"high\" decoding=\"async\" width=\"1254\" height=\"627\" src=\"https:\/\/www.allurevillas.com\/blog\/wp-content\/uploads\/2024\/08\/Hiking-Trails-and-Outdoor-Activities.jpg\" class=\"attachment-full size-full wp-image-658\" alt=\"Hiking-Trails-and-Outdoor-Activities\" srcset=\"https:\/\/www.allurevillas.com\/blog\/wp-content\/uploads\/2024\/08\/Hiking-Trails-and-Outdoor-Activities.jpg 1254w, https:\/\/www.allurevillas.com\/blog\/wp-content\/uploads\/2024\/08\/Hiking-Trails-and-Outdoor-Activities-768x384.jpg 768w\" sizes=\"(max-width: 1254px) 100vw, 1254px\" \/>\t\t\t\t\t\t\t\t\t\t\t\t\t\t\t<\/div>\n\t\t\t\t<\/div>\n\t\t\t\t\t<\/div>\n\t\t\t\t<\/div>\n\t\t<div class=\"elementor-element elementor-element-bc0df13 e-flex e-con-boxed e-con e-parent\" data-id=\"bc0df13\" data-element_type=\"container\">\n\t\t\t\t\t<div class=\"e-con-inner\">\n\t\t\t\t<div class=\"elementor-element elementor-element-fce4a42 elementor-widget elementor-widget-heading\" data-id=\"fce4a42\" data-element_type=\"widget\" data-widget_type=\"heading.default\">\n\t\t\t\t<div class=\"elementor-widget-container\">\n\t\t\t\t\t<h2 class=\"elementor-heading-title elementor-size-default\">Carte et zones d'int\u00e9r\u00eat \u00e0 Arr\u00e1bida au Portugal<\/h2>\t\t\t\t<\/div>\n\t\t\t\t<\/div>\n\t\t\t\t<div class=\"elementor-element elementor-element-8688278 elementor-widget elementor-widget-text-editor\" data-id=\"8688278\" data-element_type=\"widget\" data-widget_type=\"text-editor.default\">\n\t\t\t\t<div class=\"elementor-widget-container\">\n\t\t\t\t\t\t\t\t\t<p>La navigation dans le parc naturel d&rsquo;Arr\u00e1bida est facilit\u00e9e par des cartes d\u00e9taill\u00e9es disponibles dans les centres d&rsquo;accueil locaux et en ligne. Ces cartes fournissent des informations sur les sentiers, les points d&rsquo;int\u00e9r\u00eat et les infrastructures essentielles.\u00a0<\/p><p>Voici quelques zones cl\u00e9s du parc \u00e0 ne pas manquer :<\/p>\t\t\t\t\t\t\t\t<\/div>\n\t\t\t\t<\/div>\n\t\t\t\t\t<\/div>\n\t\t\t\t<\/div>\n\t\t<div class=\"elementor-element elementor-element-3a1db9d e-flex e-con-boxed e-con e-parent\" data-id=\"3a1db9d\" data-element_type=\"container\">\n\t\t\t\t\t<div class=\"e-con-inner\">\n\t\t<div class=\"elementor-element elementor-element-9eeb2eb e-con-full e-flex e-con e-child\" data-id=\"9eeb2eb\" data-element_type=\"container\">\n\t\t\t\t<div class=\"elementor-element elementor-element-15dbb3a1 elementor-widget elementor-widget-heading\" data-id=\"15dbb3a1\" data-element_type=\"widget\" data-widget_type=\"heading.default\">\n\t\t\t\t<div class=\"elementor-widget-container\">\n\t\t\t\t\t<h3 class=\"elementor-heading-title elementor-size-default\">Serra da Arr\u00e1bida\n<\/h3>\t\t\t\t<\/div>\n\t\t\t\t<\/div>\n\t\t\t\t<div class=\"elementor-element elementor-element-677d9838 elementor-widget elementor-widget-text-editor\" data-id=\"677d9838\" data-element_type=\"widget\" data-widget_type=\"text-editor.default\">\n\t\t\t\t<div class=\"elementor-widget-container\">\n\t\t\t\t\t\t\t\t\t<p>La Serra da Arr\u00e1bida est le c\u0153ur du parc. C&rsquo;est pourquoi on l&rsquo;appelle souvent le parc naturel de la Serra da Arr\u00e1bida. R\u00e9put\u00e9 pour ses falaises de calcaire et ses for\u00eats verdoyantes, ce territoire accident\u00e9 offre des vues \u00e0 couper le souffle sur les paysages environnants et l&rsquo;oc\u00e9an Atlantique. Les randonneurs et les amoureux de la nature trouveront de nombreux sentiers adapt\u00e9s \u00e0 tous les niveaux qui couvrent l&rsquo;ensemble du parc.<\/p>\t\t\t\t\t\t\t\t<\/div>\n\t\t\t\t<\/div>\n\t\t\t\t<\/div>\n\t\t<div class=\"elementor-element elementor-element-c06b1ac e-con-full e-flex e-con e-child\" data-id=\"c06b1ac\" data-element_type=\"container\">\n\t\t\t\t<div class=\"elementor-element elementor-element-22d9597 elementor-widget elementor-widget-heading\" data-id=\"22d9597\" data-element_type=\"widget\" data-widget_type=\"heading.default\">\n\t\t\t\t<div class=\"elementor-widget-container\">\n\t\t\t\t\t<h3 class=\"elementor-heading-title elementor-size-default\">Praia dos Gal\u00e1pos\n<\/h3>\t\t\t\t<\/div>\n\t\t\t\t<\/div>\n\t\t\t\t<div class=\"elementor-element elementor-element-d98e1a6 elementor-widget elementor-widget-text-editor\" data-id=\"d98e1a6\" data-element_type=\"widget\" data-widget_type=\"text-editor.default\">\n\t\t\t\t<div class=\"elementor-widget-container\">\n\t\t\t\t\t\t\t\t\t<p>Cette plage pittoresque est r\u00e9put\u00e9e pour ses eaux claires et azur\u00e9es et son sable doux et dor\u00e9. C&rsquo;est un endroit id\u00e9al pour la baignade et les bains de soleil, sa situation relativement abrit\u00e9e lui conf\u00e9rant un environnement tranquille. La plage est bien \u00e9quip\u00e9e, ce qui en fait un choix confortable et pratique pour une journ\u00e9e de d\u00e9tente au bord de la mer.<\/p>\t\t\t\t\t\t\t\t<\/div>\n\t\t\t\t<\/div>\n\t\t\t\t<\/div>\n\t\t\t\t\t<\/div>\n\t\t\t\t<\/div>\n\t\t<div class=\"elementor-element elementor-element-ee438c8 e-flex e-con-boxed e-con e-parent\" data-id=\"ee438c8\" data-element_type=\"container\">\n\t\t\t\t\t<div class=\"e-con-inner\">\n\t\t<div class=\"elementor-element elementor-element-2e3edf7 e-con-full e-flex e-con e-child\" data-id=\"2e3edf7\" data-element_type=\"container\">\n\t\t\t\t<div class=\"elementor-element elementor-element-da2e725 elementor-widget elementor-widget-heading\" data-id=\"da2e725\" data-element_type=\"widget\" data-widget_type=\"heading.default\">\n\t\t\t\t<div class=\"elementor-widget-container\">\n\t\t\t\t\t<h3 class=\"elementor-heading-title elementor-size-default\">Praia da Figueirinha\n<\/h3>\t\t\t\t<\/div>\n\t\t\t\t<\/div>\n\t\t\t\t<div class=\"elementor-element elementor-element-8f0cbbc elementor-widget elementor-widget-text-editor\" data-id=\"8f0cbbc\" data-element_type=\"widget\" data-widget_type=\"text-editor.default\">\n\t\t\t\t<div class=\"elementor-widget-container\">\n\t\t\t\t\t\t\t\t\t<p>Connue pour ses eaux douces et ses superbes vues sur la c\u00f4te, Praia da Figueirinha est une plage familiale parfaite pour une journ\u00e9e de d\u00e9tente. Les eaux calmes et propres conviennent aux jeunes enfants et \u00e0 ceux qui recherchent une exp\u00e9rience de baignade plus d\u00e9tendue. Les environs sont \u00e9quip\u00e9s d&rsquo;installations, dont une zone bois\u00e9e au bord de la rivi\u00e8re, id\u00e9ale pour les pique-niques en apr\u00e8s-midi.\u00a0<\/p>\t\t\t\t\t\t\t\t<\/div>\n\t\t\t\t<\/div>\n\t\t\t\t<\/div>\n\t\t<div class=\"elementor-element elementor-element-65353f4 e-con-full e-flex e-con e-child\" data-id=\"65353f4\" data-element_type=\"container\">\n\t\t\t\t<div class=\"elementor-element elementor-element-dfdb0b4 elementor-widget elementor-widget-heading\" data-id=\"dfdb0b4\" data-element_type=\"widget\" data-widget_type=\"heading.default\">\n\t\t\t\t<div class=\"elementor-widget-container\">\n\t\t\t\t\t<h3 class=\"elementor-heading-title elementor-size-default\">Portinho da Arr\u00e1bida\n<\/h3>\t\t\t\t<\/div>\n\t\t\t\t<\/div>\n\t\t\t\t<div class=\"elementor-element elementor-element-14fc2ae elementor-widget elementor-widget-text-editor\" data-id=\"14fc2ae\" data-element_type=\"widget\" data-widget_type=\"text-editor.default\">\n\t\t\t\t<div class=\"elementor-widget-container\">\n\t\t\t\t\t\t\t\t\t<p>Cette baie est r\u00e9put\u00e9e pour ses eaux calmes et claires, ce qui en fait un lieu tr\u00e8s pris\u00e9 pour les activit\u00e9s nautiques telles que le kayak et la plong\u00e9e avec masque et tuba. La plage est facilement accessible en voiture et par les transports publics. Elle compte quelques bars et restaurants qui donnent sur l&rsquo;eau.\u00a0<\/p>\t\t\t\t\t\t\t\t<\/div>\n\t\t\t\t<\/div>\n\t\t\t\t<\/div>\n\t\t<div class=\"elementor-element elementor-element-8147479 e-con-full e-flex e-con e-child\" data-id=\"8147479\" data-element_type=\"container\">\n\t\t\t\t<div class=\"elementor-element elementor-element-d7021c3 elementor-widget elementor-widget-heading\" data-id=\"d7021c3\" data-element_type=\"widget\" data-widget_type=\"heading.default\">\n\t\t\t\t<div class=\"elementor-widget-container\">\n\t\t\t\t\t<h3 class=\"elementor-heading-title elementor-size-default\">Convento da Arr\u00e1bida\n<\/h3>\t\t\t\t<\/div>\n\t\t\t\t<\/div>\n\t\t\t\t<div class=\"elementor-element elementor-element-7d89617 elementor-widget elementor-widget-text-editor\" data-id=\"7d89617\" data-element_type=\"widget\" data-widget_type=\"text-editor.default\">\n\t\t\t\t<div class=\"elementor-widget-container\">\n\t\t\t\t\t\t\t\t\t<p>Perch\u00e9 sur une colline surplombant le parc, le Convento da Arr\u00e1bida est un couvent historique d&rsquo;une grande importance culturelle et religieuse. Fond\u00e9 au XVIe si\u00e8cle, il offre un aper\u00e7u de l&rsquo;h\u00e9ritage monastique de la r\u00e9gion et des vues panoramiques \u00e9poustouflantes sur le paysage environnant.<\/p>\t\t\t\t\t\t\t\t<\/div>\n\t\t\t\t<\/div>\n\t\t\t\t<\/div>\n\t\t\t\t\t<\/div>\n\t\t\t\t<\/div>\n\t\t<div class=\"elementor-element elementor-element-150fbb3 e-flex e-con-boxed e-con e-parent\" data-id=\"150fbb3\" data-element_type=\"container\">\n\t\t\t\t\t<div class=\"e-con-inner\">\n\t\t\t\t<div class=\"elementor-element elementor-element-4e4f633 elementor-widget elementor-widget-image\" data-id=\"4e4f633\" data-element_type=\"widget\" data-widget_type=\"image.default\">\n\t\t\t\t<div class=\"elementor-widget-container\">\n\t\t\t\t\t\t\t\t\t\t\t\t\t\t\t<img decoding=\"async\" width=\"1308\" height=\"653\" src=\"https:\/\/www.allurevillas.com\/blog\/wp-content\/uploads\/2024\/08\/Serra-da-Arrabida.jpg\" class=\"attachment-full size-full wp-image-654\" alt=\"Serra-da-Arrabida\" srcset=\"https:\/\/www.allurevillas.com\/blog\/wp-content\/uploads\/2024\/08\/Serra-da-Arrabida.jpg 1308w, https:\/\/www.allurevillas.com\/blog\/wp-content\/uploads\/2024\/08\/Serra-da-Arrabida-768x383.jpg 768w\" sizes=\"(max-width: 1308px) 100vw, 1308px\" \/>\t\t\t\t\t\t\t\t\t\t\t\t\t\t\t<\/div>\n\t\t\t\t<\/div>\n\t\t\t\t\t<\/div>\n\t\t\t\t<\/div>\n\t\t<div class=\"elementor-element elementor-element-58fa067 e-flex e-con-boxed e-con e-parent\" data-id=\"58fa067\" data-element_type=\"container\">\n\t\t\t\t\t<div class=\"e-con-inner\">\n\t\t\t\t<div class=\"elementor-element elementor-element-8d52038 elementor-widget elementor-widget-heading\" data-id=\"8d52038\" data-element_type=\"widget\" data-widget_type=\"heading.default\">\n\t\t\t\t<div class=\"elementor-widget-container\">\n\t\t\t\t\t<h2 class=\"elementor-heading-title elementor-size-default\">Comment se rendre au parc naturel d'Arr\u00e1bida<\/h2>\t\t\t\t<\/div>\n\t\t\t\t<\/div>\n\t\t\t\t<div class=\"elementor-element elementor-element-42519d2 elementor-widget elementor-widget-text-editor\" data-id=\"42519d2\" data-element_type=\"widget\" data-widget_type=\"text-editor.default\">\n\t\t\t\t<div class=\"elementor-widget-container\">\n\t\t\t\t\t\t\t\t\t<p>L&rsquo;acc\u00e8s au parc naturel d&rsquo;Arr\u00e1bida dans le district de Set\u00fabal est restreinte afin de g\u00e9rer du trafic, l&rsquo;entr\u00e9e \u00e9tant limit\u00e9e au versant proche de Set\u00fabal les week-ends pendant la haute saison (juin \u00e0 septembre). Les plages sont accessibles en voiture, mais les places de parking sont limit\u00e9es et se remplissent rapidement apr\u00e8s 9 heures du matin en \u00e9t\u00e9. Les camping-cars et les caravanes ne sont pas autoris\u00e9s et la circulation est surveill\u00e9e par des gardes du parc.<\/p>\t\t\t\t\t\t\t\t<\/div>\n\t\t\t\t<\/div>\n\t\t\t\t\t<\/div>\n\t\t\t\t<\/div>\n\t\t<div class=\"elementor-element elementor-element-4082d42 e-flex e-con-boxed e-con e-parent\" data-id=\"4082d42\" data-element_type=\"container\">\n\t\t\t\t\t<div class=\"e-con-inner\">\n\t\t<div class=\"elementor-element elementor-element-44fac35 e-con-full e-flex e-con e-child\" data-id=\"44fac35\" data-element_type=\"container\">\n\t\t\t\t<div class=\"elementor-element elementor-element-d33aaac elementor-widget elementor-widget-heading\" data-id=\"d33aaac\" data-element_type=\"widget\" data-widget_type=\"heading.default\">\n\t\t\t\t<div class=\"elementor-widget-container\">\n\t\t\t\t\t<h3 class=\"elementor-heading-title elementor-size-default\">Arriv\u00e9e en voiture<\/h3>\t\t\t\t<\/div>\n\t\t\t\t<\/div>\n\t\t\t\t<div class=\"elementor-element elementor-element-b0e1fd5 elementor-widget elementor-widget-text-editor\" data-id=\"b0e1fd5\" data-element_type=\"widget\" data-widget_type=\"text-editor.default\">\n\t\t\t\t<div class=\"elementor-widget-container\">\n\t\t\t\t\t\t\t\t\t<p>L&rsquo;acc\u00e8s au parc naturel d&rsquo;Arr\u00e1bida est relativement simple. Si vous venez de Lisbonne, le parc se trouve \u00e0 environ 45 minutes de route. L&rsquo;itin\u00e9raire le plus commode consiste \u00e0 emprunter l&rsquo;autoroute A2 en direction de Set\u00fabal, puis \u00e0 suivre les panneaux indiquant l&rsquo;entr\u00e9e du parc.<\/p><p>Si vous venez de la p\u00e9ninsule de Troia, des catamarans et des ferries circulent r\u00e9guli\u00e8rement entre Set\u00fabal et Troia.<\/p>\t\t\t\t\t\t\t\t<\/div>\n\t\t\t\t<\/div>\n\t\t\t\t<\/div>\n\t\t<div class=\"elementor-element elementor-element-fbba25f e-con-full e-flex e-con e-child\" data-id=\"fbba25f\" data-element_type=\"container\">\n\t\t\t\t<div class=\"elementor-element elementor-element-db846e3 elementor-widget elementor-widget-heading\" data-id=\"db846e3\" data-element_type=\"widget\" data-widget_type=\"heading.default\">\n\t\t\t\t<div class=\"elementor-widget-container\">\n\t\t\t\t\t<h3 class=\"elementor-heading-title elementor-size-default\">Arriv\u00e9e par les transports publics<\/h3>\t\t\t\t<\/div>\n\t\t\t\t<\/div>\n\t\t\t\t<div class=\"elementor-element elementor-element-909088f elementor-widget elementor-widget-text-editor\" data-id=\"909088f\" data-element_type=\"widget\" data-widget_type=\"text-editor.default\">\n\t\t\t\t<div class=\"elementor-widget-container\">\n\t\t\t\t\t\t\t\t\t<p>Les transports publics permettent de prendre le train ou le bus jusqu&rsquo;\u00e0 Set\u00fabal, puis le bus local (<a href=\"https:\/\/www.carrismetropolitana.pt\/\">Carris Metropolitana<\/a>) ou le taxi jusqu&rsquo;au parc lui-m\u00eame.\u00a0<\/p><p>Pour ceux qui pr\u00e9f\u00e8rent une approche plus souple, des visites guid\u00e9es et des services de location de voitures sont \u00e9galement disponibles.<\/p>\t\t\t\t\t\t\t\t<\/div>\n\t\t\t\t<\/div>\n\t\t\t\t<\/div>\n\t\t\t\t\t<\/div>\n\t\t\t\t<\/div>\n\t\t<div class=\"elementor-element elementor-element-369e61d e-flex e-con-boxed e-con e-parent\" data-id=\"369e61d\" data-element_type=\"container\">\n\t\t\t\t\t<div class=\"e-con-inner\">\n\t\t\t\t<div class=\"elementor-element elementor-element-2b2038c elementor-widget elementor-widget-image\" data-id=\"2b2038c\" data-element_type=\"widget\" data-widget_type=\"image.default\">\n\t\t\t\t<div class=\"elementor-widget-container\">\n\t\t\t\t\t\t\t\t\t\t\t\t\t\t\t<img decoding=\"async\" width=\"1256\" height=\"628\" src=\"https:\/\/www.allurevillas.com\/blog\/wp-content\/uploads\/2024\/08\/Arrabida-Natural-Park.jpg\" class=\"attachment-full size-full wp-image-650\" alt=\"Arrabida-Natural-Park\" srcset=\"https:\/\/www.allurevillas.com\/blog\/wp-content\/uploads\/2024\/08\/Arrabida-Natural-Park.jpg 1256w, https:\/\/www.allurevillas.com\/blog\/wp-content\/uploads\/2024\/08\/Arrabida-Natural-Park-768x384.jpg 768w\" sizes=\"(max-width: 1256px) 100vw, 1256px\" \/>\t\t\t\t\t\t\t\t\t\t\t\t\t\t\t<\/div>\n\t\t\t\t<\/div>\n\t\t\t\t\t<\/div>\n\t\t\t\t<\/div>\n\t\t<div class=\"elementor-element elementor-element-5396d72 e-flex e-con-boxed e-con e-parent\" data-id=\"5396d72\" data-element_type=\"container\">\n\t\t\t\t\t<div class=\"e-con-inner\">\n\t\t\t\t<div class=\"elementor-element elementor-element-8fc9ae4 elementor-widget elementor-widget-heading\" data-id=\"8fc9ae4\" data-element_type=\"widget\" data-widget_type=\"heading.default\">\n\t\t\t\t<div class=\"elementor-widget-container\">\n\t\t\t\t\t<h2 class=\"elementor-heading-title elementor-size-default\">Curiosit\u00e9s de la r\u00e9gion d'Arr\u00e1bida<\/h2>\t\t\t\t<\/div>\n\t\t\t\t<\/div>\n\t\t\t\t<div class=\"elementor-element elementor-element-c88e52b elementor-widget elementor-widget-text-editor\" data-id=\"c88e52b\" data-element_type=\"widget\" data-widget_type=\"text-editor.default\">\n\t\t\t\t<div class=\"elementor-widget-container\">\n\t\t\t\t\t\t\t\t\t<p>Le parc naturel d&rsquo;Arr\u00e1bida n&rsquo;est pas seulement connu pour sa beaut\u00e9 naturelle, mais aussi pour son importance culturelle et historique. Le Convento da Arr\u00e1bida est un monument remarquable, perch\u00e9 au sommet d&rsquo;une colline, qui donne un aper\u00e7u de l&rsquo;histoire monastique de la r\u00e9gion. Le parc est \u00e9galement r\u00e9put\u00e9 pour ses r\u00e9cifs coralliens fossilis\u00e9s, qui offrent un aper\u00e7u fascinant de la vie marine antique de la r\u00e9gion.<\/p><p>Par ailleurs, la r\u00e9gion est c\u00e9l\u00e8bre pour ses vins d&rsquo;Arr\u00e1bida, produits \u00e0 partir de vignobles b\u00e9n\u00e9ficiant du microclimat unique du parc. La d\u00e9gustation de ces vins locaux est un excellent moyen d&rsquo;entrer en contact avec les riches traditions culturelles de la r\u00e9gion. Une visite guid\u00e9e du vignoble, \u00e7a vous dit ?<\/p>\t\t\t\t\t\t\t\t<\/div>\n\t\t\t\t<\/div>\n\t\t\t\t\t<\/div>\n\t\t\t\t<\/div>\n\t\t<div class=\"elementor-element elementor-element-545d644 e-flex e-con-boxed e-con e-parent\" data-id=\"545d644\" data-element_type=\"container\">\n\t\t\t\t\t<div class=\"e-con-inner\">\n\t\t\t\t<div class=\"elementor-element elementor-element-fe9f5cf elementor-widget elementor-widget-heading\" data-id=\"fe9f5cf\" data-element_type=\"widget\" data-widget_type=\"heading.default\">\n\t\t\t\t<div class=\"elementor-widget-container\">\n\t\t\t\t\t<h2 class=\"elementor-heading-title elementor-size-default\">Venez d\u00e9couvrir le parc naturel d'Arr\u00e1bida<\/h2>\t\t\t\t<\/div>\n\t\t\t\t<\/div>\n\t\t\t\t<div class=\"elementor-element elementor-element-8e900c4 elementor-widget elementor-widget-text-editor\" data-id=\"8e900c4\" data-element_type=\"widget\" data-widget_type=\"text-editor.default\">\n\t\t\t\t<div class=\"elementor-widget-container\">\n\t\t\t\t\t\t\t\t\t<p>Le parc naturel d&rsquo;Arr\u00e1bida regorge de merveilles naturelles et d&rsquo;aventures en plein air. De la randonn\u00e9e dans la Serra da Arr\u00e1bida \u00e0 la d\u00e9tente sur ses superbes plages, le parc offre une multitude d&rsquo;exp\u00e9riences \u00e0 tous les types de visiteurs.<\/p><p>Si vous pr\u00e9voyez de visiter le Portugal, nous vous recommandons vivement d&rsquo;ajouter le parc naturel d&rsquo;Arr\u00e1bida \u00e0 votre itin\u00e9raire. Chez Allure Villas, nous nous engageons \u00e0 vous offrir une hospitalit\u00e9 exceptionnelle et \u00e0 faire en sorte que votre s\u00e9jour soit aussi m\u00e9morable que votre exploration de ce parc naturel extraordinaire. <a href=\"https:\/\/www.allurevillas.com\/fr\/\">R\u00e9servez votre s\u00e9jour chez nous<\/a> et d\u00e9couvrez le meilleur de la beaut\u00e9 naturelle et de l&rsquo;hospitalit\u00e9 chaleureuse du Portugal.<\/p>\t\t\t\t\t\t\t\t<\/div>\n\t\t\t\t<\/div>\n\t\t\t\t\t<\/div>\n\t\t\t\t<\/div>\n\t\t<div class=\"elementor-element elementor-element-e01d8db e-flex e-con-boxed e-con e-parent\" data-id=\"e01d8db\" data-element_type=\"container\">\n\t\t\t\t\t<div class=\"e-con-inner\">\n\t\t<div class=\"elementor-element elementor-element-bd38ec8 e-con-full e-flex e-con e-child\" data-id=\"bd38ec8\" data-element_type=\"container\">\n\t\t\t\t<div class=\"elementor-element elementor-element-00dddab elementor-cta--skin-cover elementor-cta--valign-bottom elementor-animated-content elementor-bg-transform elementor-bg-transform-zoom-in elementor-widget elementor-widget-call-to-action\" data-id=\"00dddab\" data-element_type=\"widget\" data-widget_type=\"call-to-action.default\">\n\t\t\t\t<div class=\"elementor-widget-container\">\n\t\t\t\t\t\t\t<div class=\"elementor-cta\">\n\t\t\t\t\t<div class=\"elementor-cta__bg-wrapper\">\n\t\t\t\t<div class=\"elementor-cta__bg elementor-bg\" style=\"background-image: url(https:\/\/www.allurevillas.com\/blog\/wp-content\/uploads\/2024\/07\/Accommodation-portugal-1200x630.jpg);\" role=\"img\" aria-label=\"Accommodation portugal\"><\/div>\n\t\t\t\t<div class=\"elementor-cta__bg-overlay\"><\/div>\n\t\t\t<\/div>\n\t\t\t\t\t\t\t<div class=\"elementor-cta__content\">\n\t\t\t\t\n\t\t\t\t\n\t\t\t\t\n\t\t\t\t\t\t\t\t\t<div class=\"elementor-cta__button-wrapper elementor-cta__content-item elementor-content-item elementor-animated-item--grow\">\n\t\t\t\t\t<a class=\"elementor-cta__button elementor-button elementor-size-\" href=\"https:\/\/www.allurevillas.com\/fr\/location-vacances-portugal\/\">\n\t\t\t\t\t\tH\u00e9bergement \u00e0 Portugal\t\t\t\t\t<\/a>\n\t\t\t\t\t<\/div>\n\t\t\t\t\t\t\t<\/div>\n\t\t\t\t\t\t<\/div>\n\t\t\t\t\t\t<\/div>\n\t\t\t\t<\/div>\n\t\t\t\t<\/div>\n\t\t<div class=\"elementor-element elementor-element-01da477 e-con-full e-flex e-con e-child\" data-id=\"01da477\" data-element_type=\"container\">\n\t\t\t\t<div class=\"elementor-element elementor-element-9588bf2 elementor-cta--skin-cover elementor-cta--valign-bottom elementor-animated-content elementor-bg-transform elementor-bg-transform-zoom-in elementor-widget elementor-widget-call-to-action\" data-id=\"9588bf2\" data-element_type=\"widget\" data-widget_type=\"call-to-action.default\">\n\t\t\t\t<div class=\"elementor-widget-container\">\n\t\t\t\t\t\t\t<div class=\"elementor-cta\">\n\t\t\t\t\t<div class=\"elementor-cta__bg-wrapper\">\n\t\t\t\t<div class=\"elementor-cta__bg elementor-bg\" style=\"background-image: url(https:\/\/www.allurevillas.com\/blog\/wp-content\/uploads\/2024\/07\/Villas-portugal-1350x630.jpg);\" role=\"img\" aria-label=\"Villas portugal\"><\/div>\n\t\t\t\t<div class=\"elementor-cta__bg-overlay\"><\/div>\n\t\t\t<\/div>\n\t\t\t\t\t\t\t<div class=\"elementor-cta__content\">\n\t\t\t\t\n\t\t\t\t\n\t\t\t\t\n\t\t\t\t\t\t\t\t\t<div class=\"elementor-cta__button-wrapper elementor-cta__content-item elementor-content-item elementor-animated-item--grow\">\n\t\t\t\t\t<a class=\"elementor-cta__button elementor-button elementor-size-\" href=\"https:\/\/www.allurevillas.com\/fr\/location-villa-portugal\/\">\n\t\t\t\t\t\tLocation de villas \u00e0 Portugal\t\t\t\t\t<\/a>\n\t\t\t\t\t<\/div>\n\t\t\t\t\t\t\t<\/div>\n\t\t\t\t\t\t<\/div>\n\t\t\t\t\t\t<\/div>\n\t\t\t\t<\/div>\n\t\t\t\t<\/div>\n\t\t\t\t\t<\/div>\n\t\t\t\t<\/div>\n\t\t<div class=\"elementor-element elementor-element-30becb0 e-flex e-con-boxed e-con e-parent\" data-id=\"30becb0\" data-element_type=\"container\">\n\t\t\t\t\t<div class=\"e-con-inner\">\n\t\t\t\t<div class=\"elementor-element elementor-element-21d165f elementor-widget elementor-widget-shortcode\" data-id=\"21d165f\" data-element_type=\"widget\" data-widget_type=\"shortcode.default\">\n\t\t\t\t<div class=\"elementor-widget-container\">\n\t\t\t\t\t\t\t<div class=\"elementor-shortcode\">\t\t<div data-elementor-type=\"page\" data-elementor-id=\"1571\" class=\"elementor elementor-1571 elementor-1554\" data-elementor-post-type=\"elementor_library\">\n\t\t\t\t<div class=\"elementor-element elementor-element-76f7621 e-flex e-con-boxed e-con e-parent\" data-id=\"76f7621\" data-element_type=\"container\">\n\t\t\t\t\t<div class=\"e-con-inner\">\n\t\t\t\t<div class=\"elementor-element elementor-element-8bd6fb2 elementor-widget elementor-widget-shortcode\" data-id=\"8bd6fb2\" data-element_type=\"widget\" data-widget_type=\"shortcode.default\">\n\t\t\t\t<div class=\"elementor-widget-container\">\n\t\t\t\t\t\t\t<div class=\"elementor-shortcode\">\t\t<div data-elementor-type=\"container\" data-elementor-id=\"1560\" class=\"elementor elementor-1560 elementor-251\" data-elementor-post-type=\"elementor_library\">\n\t\t\t\t<div class=\"elementor-element elementor-element-6812315d e-flex e-con-boxed e-con e-parent\" data-id=\"6812315d\" data-element_type=\"container\">\n\t\t\t\t\t<div class=\"e-con-inner\">\n\t\t<div class=\"elementor-element elementor-element-685c5fe1 e-con-full e-flex e-con e-child\" data-id=\"685c5fe1\" data-element_type=\"container\">\n\t\t\t\t<div class=\"elementor-element elementor-element-752c14c9 elementor-align-justify elementor-widget elementor-widget-button\" data-id=\"752c14c9\" data-element_type=\"widget\" data-widget_type=\"button.default\">\n\t\t\t\t<div class=\"elementor-widget-container\">\n\t\t\t\t\t\t\t\t\t<div class=\"elementor-button-wrapper\">\n\t\t\t\t\t<a class=\"elementor-button elementor-button-link elementor-size-sm\" href=\"https:\/\/www.allurevillas.com\/fr\/location-villas-cote-de-lisbonne\/\">\n\t\t\t\t\t\t<span class=\"elementor-button-content-wrapper\">\n\t\t\t\t\t\t\t\t\t<span class=\"elementor-button-text\">C\u00f4te de Lisbonne<\/span>\n\t\t\t\t\t<\/span>\n\t\t\t\t\t<\/a>\n\t\t\t\t<\/div>\n\t\t\t\t\t\t\t\t<\/div>\n\t\t\t\t<\/div>\n\t\t\t\t<\/div>\n\t\t<div class=\"elementor-element elementor-element-70e28c4 e-con-full e-flex e-con e-child\" data-id=\"70e28c4\" data-element_type=\"container\">\n\t\t\t\t<div class=\"elementor-element elementor-element-510bb48b elementor-align-justify elementor-widget elementor-widget-button\" data-id=\"510bb48b\" data-element_type=\"widget\" data-widget_type=\"button.default\">\n\t\t\t\t<div class=\"elementor-widget-container\">\n\t\t\t\t\t\t\t\t\t<div class=\"elementor-button-wrapper\">\n\t\t\t\t\t<a class=\"elementor-button elementor-button-link elementor-size-sm\" href=\"https:\/\/www.allurevillas.com\/fr\/location-maison-aroeira-portugal\/\">\n\t\t\t\t\t\t<span class=\"elementor-button-content-wrapper\">\n\t\t\t\t\t\t\t\t\t<span class=\"elementor-button-text\">Aroeira<\/span>\n\t\t\t\t\t<\/span>\n\t\t\t\t\t<\/a>\n\t\t\t\t<\/div>\n\t\t\t\t\t\t\t\t<\/div>\n\t\t\t\t<\/div>\n\t\t\t\t<\/div>\n\t\t<div class=\"elementor-element elementor-element-191ae8 e-con-full e-flex e-con e-child\" data-id=\"191ae8\" data-element_type=\"container\">\n\t\t\t\t<div class=\"elementor-element elementor-element-10ad59f2 elementor-align-justify elementor-widget elementor-widget-button\" data-id=\"10ad59f2\" data-element_type=\"widget\" data-widget_type=\"button.default\">\n\t\t\t\t<div class=\"elementor-widget-container\">\n\t\t\t\t\t\t\t\t\t<div class=\"elementor-button-wrapper\">\n\t\t\t\t\t<a class=\"elementor-button elementor-button-link elementor-size-sm\" href=\"https:\/\/www.allurevillas.com\/fr\/location-villa-algarve\/\">\n\t\t\t\t\t\t<span class=\"elementor-button-content-wrapper\">\n\t\t\t\t\t\t\t\t\t<span class=\"elementor-button-text\">Algarve<\/span>\n\t\t\t\t\t<\/span>\n\t\t\t\t\t<\/a>\n\t\t\t\t<\/div>\n\t\t\t\t\t\t\t\t<\/div>\n\t\t\t\t<\/div>\n\t\t\t\t<\/div>\n\t\t<div class=\"elementor-element elementor-element-3d43ad1a e-con-full e-flex e-con e-child\" data-id=\"3d43ad1a\" data-element_type=\"container\">\n\t\t\t\t<div class=\"elementor-element elementor-element-4fa368cb elementor-align-justify elementor-widget elementor-widget-button\" data-id=\"4fa368cb\" data-element_type=\"widget\" data-widget_type=\"button.default\">\n\t\t\t\t<div class=\"elementor-widget-container\">\n\t\t\t\t\t\t\t\t\t<div class=\"elementor-button-wrapper\">\n\t\t\t\t\t<a class=\"elementor-button elementor-button-link elementor-size-sm\" href=\"https:\/\/www.allurevillas.com\/fr\/logements-a-troia\/\">\n\t\t\t\t\t\t<span class=\"elementor-button-content-wrapper\">\n\t\t\t\t\t\t\t\t\t<span class=\"elementor-button-text\">Tr\u00f3ia &amp; Comporta<\/span>\n\t\t\t\t\t<\/span>\n\t\t\t\t\t<\/a>\n\t\t\t\t<\/div>\n\t\t\t\t\t\t\t\t<\/div>\n\t\t\t\t<\/div>\n\t\t\t\t<\/div>\n\t\t\t\t\t<\/div>\n\t\t\t\t<\/div>\n\t\t\t\t<\/div>\n\t\t<\/div>\n\t\t\t\t\t\t<\/div>\n\t\t\t\t<\/div>\n\t\t\t\t\t<\/div>\n\t\t\t\t<\/div>\n\t\t\t\t<\/div>\n\t\t<\/div>\n\t\t\t\t\t\t<\/div>\n\t\t\t\t<\/div>\n\t\t\t\t\t<\/div>\n\t\t\t\t<\/div>\n\t\t\t\t<\/div>\n\t\t","protected":false},"excerpt":{"rendered":"<p>Nich\u00e9 dans le district de Set\u00fabal au Portugal, le parc naturel d&rsquo;Arr\u00e1bida (Parque Natural da Arr\u00e1bida) est un exemple \u00e9poustouflant&#8230;<\/p>\n","protected":false},"author":3,"featured_media":662,"comment_status":"open","ping_status":"open","sticky":false,"template":"","format":"standard","meta":{"footnotes":""},"categories":[27],"tags":[],"class_list":["post-688","post","type-post","status-publish","format-standard","has-post-thumbnail","hentry","category-portugal-fr"],"yoast_head":"<!-- This site is optimized with the Yoast SEO plugin v26.7 - https:\/\/yoast.com\/wordpress\/plugins\/seo\/ -->\n<title>Le Parc Naturel d&#039;Arrabida, Portugal - Allure Villas | Blog<\/title>\n<meta name=\"description\" content=\"Admirez la beaut\u00e9 du parc naturel d&#039;Arr\u00e1bida, avec ses impressionnantes falaises et ses plages de sable fin, parfaites pour se d\u00e9tendre.\" \/>\n<meta name=\"robots\" content=\"index, follow, max-snippet:-1, max-image-preview:large, max-video-preview:-1\" \/>\n<link rel=\"canonical\" href=\"https:\/\/www.allurevillas.com\/blog\/fr\/parc-naturel-arrabida\/\" \/>\n<meta property=\"og:locale\" content=\"fr_FR\" \/>\n<meta property=\"og:type\" content=\"article\" \/>\n<meta property=\"og:title\" content=\"Le Parc Naturel d&#039;Arrabida, Portugal - Allure Villas | Blog\" \/>\n<meta property=\"og:description\" content=\"Admirez la beaut\u00e9 du parc naturel d&#039;Arr\u00e1bida, avec ses impressionnantes falaises et ses plages de sable fin, parfaites pour se d\u00e9tendre.\" \/>\n<meta property=\"og:url\" content=\"https:\/\/www.allurevillas.com\/blog\/fr\/parc-naturel-arrabida\/\" \/>\n<meta property=\"og:site_name\" content=\"Allure Villas | Blog\" \/>\n<meta property=\"article:published_time\" content=\"2024-09-09T11:01:50+00:00\" \/>\n<meta property=\"article:modified_time\" content=\"2026-01-15T16:25:28+00:00\" \/>\n<meta property=\"og:image\" content=\"https:\/\/www.allurevillas.com\/blog\/wp-content\/uploads\/2024\/08\/Arrabida-Natural-Park-portugal.jpg\" \/>\n\t<meta property=\"og:image:width\" content=\"2145\" \/>\n\t<meta property=\"og:image:height\" content=\"715\" \/>\n\t<meta property=\"og:image:type\" content=\"image\/jpeg\" \/>\n<meta name=\"author\" content=\"digitalservices@avantio.com\" \/>\n<meta name=\"twitter:card\" content=\"summary_large_image\" \/>\n<meta name=\"twitter:label1\" content=\"\u00c9crit par\" \/>\n\t<meta name=\"twitter:data1\" content=\"digitalservices@avantio.com\" \/>\n\t<meta name=\"twitter:label2\" content=\"Dur\u00e9e de lecture estim\u00e9e\" \/>\n\t<meta name=\"twitter:data2\" content=\"8 minutes\" \/>\n<script type=\"application\/ld+json\" class=\"yoast-schema-graph\">{\"@context\":\"https:\/\/schema.org\",\"@graph\":[{\"@type\":\"Article\",\"@id\":\"https:\/\/www.allurevillas.com\/blog\/fr\/parc-naturel-arrabida\/#article\",\"isPartOf\":{\"@id\":\"https:\/\/www.allurevillas.com\/blog\/fr\/parc-naturel-arrabida\/\"},\"author\":{\"name\":\"digitalservices@avantio.com\",\"@id\":\"https:\/\/www.allurevillas.com\/blog\/fr\/#\/schema\/person\/75dbd1c5fe5ba14c5177986e12ca8e24\"},\"headline\":\"Un voyage \u00e0 travers le parc naturel d&rsquo;Arr\u00e1bida : Le guide essentiel du voyageur\",\"datePublished\":\"2024-09-09T11:01:50+00:00\",\"dateModified\":\"2026-01-15T16:25:28+00:00\",\"mainEntityOfPage\":{\"@id\":\"https:\/\/www.allurevillas.com\/blog\/fr\/parc-naturel-arrabida\/\"},\"wordCount\":1453,\"commentCount\":0,\"image\":{\"@id\":\"https:\/\/www.allurevillas.com\/blog\/fr\/parc-naturel-arrabida\/#primaryimage\"},\"thumbnailUrl\":\"https:\/\/www.allurevillas.com\/blog\/wp-content\/uploads\/2024\/08\/Arrabida-Natural-Park-portugal.jpg\",\"articleSection\":[\"Portugal\"],\"inLanguage\":\"fr-FR\",\"potentialAction\":[{\"@type\":\"CommentAction\",\"name\":\"Comment\",\"target\":[\"https:\/\/www.allurevillas.com\/blog\/fr\/parc-naturel-arrabida\/#respond\"]}]},{\"@type\":\"WebPage\",\"@id\":\"https:\/\/www.allurevillas.com\/blog\/fr\/parc-naturel-arrabida\/\",\"url\":\"https:\/\/www.allurevillas.com\/blog\/fr\/parc-naturel-arrabida\/\",\"name\":\"Le Parc Naturel d'Arrabida, Portugal - Allure Villas | Blog\",\"isPartOf\":{\"@id\":\"https:\/\/www.allurevillas.com\/blog\/fr\/#website\"},\"primaryImageOfPage\":{\"@id\":\"https:\/\/www.allurevillas.com\/blog\/fr\/parc-naturel-arrabida\/#primaryimage\"},\"image\":{\"@id\":\"https:\/\/www.allurevillas.com\/blog\/fr\/parc-naturel-arrabida\/#primaryimage\"},\"thumbnailUrl\":\"https:\/\/www.allurevillas.com\/blog\/wp-content\/uploads\/2024\/08\/Arrabida-Natural-Park-portugal.jpg\",\"datePublished\":\"2024-09-09T11:01:50+00:00\",\"dateModified\":\"2026-01-15T16:25:28+00:00\",\"author\":{\"@id\":\"https:\/\/www.allurevillas.com\/blog\/fr\/#\/schema\/person\/75dbd1c5fe5ba14c5177986e12ca8e24\"},\"description\":\"Admirez la beaut\u00e9 du parc naturel d'Arr\u00e1bida, avec ses impressionnantes falaises et ses plages de sable fin, parfaites pour se d\u00e9tendre.\",\"breadcrumb\":{\"@id\":\"https:\/\/www.allurevillas.com\/blog\/fr\/parc-naturel-arrabida\/#breadcrumb\"},\"inLanguage\":\"fr-FR\",\"potentialAction\":[{\"@type\":\"ReadAction\",\"target\":[\"https:\/\/www.allurevillas.com\/blog\/fr\/parc-naturel-arrabida\/\"]}]},{\"@type\":\"ImageObject\",\"inLanguage\":\"fr-FR\",\"@id\":\"https:\/\/www.allurevillas.com\/blog\/fr\/parc-naturel-arrabida\/#primaryimage\",\"url\":\"https:\/\/www.allurevillas.com\/blog\/wp-content\/uploads\/2024\/08\/Arrabida-Natural-Park-portugal.jpg\",\"contentUrl\":\"https:\/\/www.allurevillas.com\/blog\/wp-content\/uploads\/2024\/08\/Arrabida-Natural-Park-portugal.jpg\",\"width\":2145,\"height\":715,\"caption\":\"Arr\u00e1bida Natural Park portugal\"},{\"@type\":\"BreadcrumbList\",\"@id\":\"https:\/\/www.allurevillas.com\/blog\/fr\/parc-naturel-arrabida\/#breadcrumb\",\"itemListElement\":[{\"@type\":\"ListItem\",\"position\":1,\"name\":\"Home\",\"item\":\"https:\/\/www.allurevillas.com\/blog\/fr\/\"},{\"@type\":\"ListItem\",\"position\":2,\"name\":\"Un voyage \u00e0 travers le parc naturel d&#8217;Arr\u00e1bida : Le guide essentiel du voyageur\"}]},{\"@type\":\"WebSite\",\"@id\":\"https:\/\/www.allurevillas.com\/blog\/fr\/#website\",\"url\":\"https:\/\/www.allurevillas.com\/blog\/fr\/\",\"name\":\"Allure Villas | Blog\",\"description\":\"Allure Villas\",\"potentialAction\":[{\"@type\":\"SearchAction\",\"target\":{\"@type\":\"EntryPoint\",\"urlTemplate\":\"https:\/\/www.allurevillas.com\/blog\/fr\/?s={search_term_string}\"},\"query-input\":{\"@type\":\"PropertyValueSpecification\",\"valueRequired\":true,\"valueName\":\"search_term_string\"}}],\"inLanguage\":\"fr-FR\"},{\"@type\":\"Person\",\"@id\":\"https:\/\/www.allurevillas.com\/blog\/fr\/#\/schema\/person\/75dbd1c5fe5ba14c5177986e12ca8e24\",\"name\":\"digitalservices@avantio.com\",\"image\":{\"@type\":\"ImageObject\",\"inLanguage\":\"fr-FR\",\"@id\":\"https:\/\/www.allurevillas.com\/blog\/fr\/#\/schema\/person\/image\/\",\"url\":\"https:\/\/secure.gravatar.com\/avatar\/af30f88a1904294c1f3eb09a9d7903eec4ffa18fa2cf40c28a8681014ecdfc20?s=96&d=mm&r=g\",\"contentUrl\":\"https:\/\/secure.gravatar.com\/avatar\/af30f88a1904294c1f3eb09a9d7903eec4ffa18fa2cf40c28a8681014ecdfc20?s=96&d=mm&r=g\",\"caption\":\"digitalservices@avantio.com\"},\"url\":\"https:\/\/www.allurevillas.com\/blog\/fr\/author\/digitalservicesavantio-com\/\"}]}<\/script>\n<!-- \/ Yoast SEO plugin. -->","yoast_head_json":{"title":"Le Parc Naturel d'Arrabida, Portugal - Allure Villas | Blog","description":"Admirez la beaut\u00e9 du parc naturel d'Arr\u00e1bida, avec ses impressionnantes falaises et ses plages de sable fin, parfaites pour se d\u00e9tendre.","robots":{"index":"index","follow":"follow","max-snippet":"max-snippet:-1","max-image-preview":"max-image-preview:large","max-video-preview":"max-video-preview:-1"},"canonical":"https:\/\/www.allurevillas.com\/blog\/fr\/parc-naturel-arrabida\/","og_locale":"fr_FR","og_type":"article","og_title":"Le Parc Naturel d'Arrabida, Portugal - Allure Villas | Blog","og_description":"Admirez la beaut\u00e9 du parc naturel d'Arr\u00e1bida, avec ses impressionnantes falaises et ses plages de sable fin, parfaites pour se d\u00e9tendre.","og_url":"https:\/\/www.allurevillas.com\/blog\/fr\/parc-naturel-arrabida\/","og_site_name":"Allure Villas | Blog","article_published_time":"2024-09-09T11:01:50+00:00","article_modified_time":"2026-01-15T16:25:28+00:00","og_image":[{"width":2145,"height":715,"url":"https:\/\/www.allurevillas.com\/blog\/wp-content\/uploads\/2024\/08\/Arrabida-Natural-Park-portugal.jpg","type":"image\/jpeg"}],"author":"digitalservices@avantio.com","twitter_card":"summary_large_image","twitter_misc":{"\u00c9crit par":"digitalservices@avantio.com","Dur\u00e9e de lecture estim\u00e9e":"8 minutes"},"schema":{"@context":"https:\/\/schema.org","@graph":[{"@type":"Article","@id":"https:\/\/www.allurevillas.com\/blog\/fr\/parc-naturel-arrabida\/#article","isPartOf":{"@id":"https:\/\/www.allurevillas.com\/blog\/fr\/parc-naturel-arrabida\/"},"author":{"name":"digitalservices@avantio.com","@id":"https:\/\/www.allurevillas.com\/blog\/fr\/#\/schema\/person\/75dbd1c5fe5ba14c5177986e12ca8e24"},"headline":"Un voyage \u00e0 travers le parc naturel d&rsquo;Arr\u00e1bida : Le guide essentiel du voyageur","datePublished":"2024-09-09T11:01:50+00:00","dateModified":"2026-01-15T16:25:28+00:00","mainEntityOfPage":{"@id":"https:\/\/www.allurevillas.com\/blog\/fr\/parc-naturel-arrabida\/"},"wordCount":1453,"commentCount":0,"image":{"@id":"https:\/\/www.allurevillas.com\/blog\/fr\/parc-naturel-arrabida\/#primaryimage"},"thumbnailUrl":"https:\/\/www.allurevillas.com\/blog\/wp-content\/uploads\/2024\/08\/Arrabida-Natural-Park-portugal.jpg","articleSection":["Portugal"],"inLanguage":"fr-FR","potentialAction":[{"@type":"CommentAction","name":"Comment","target":["https:\/\/www.allurevillas.com\/blog\/fr\/parc-naturel-arrabida\/#respond"]}]},{"@type":"WebPage","@id":"https:\/\/www.allurevillas.com\/blog\/fr\/parc-naturel-arrabida\/","url":"https:\/\/www.allurevillas.com\/blog\/fr\/parc-naturel-arrabida\/","name":"Le Parc Naturel d'Arrabida, Portugal - Allure Villas | Blog","isPartOf":{"@id":"https:\/\/www.allurevillas.com\/blog\/fr\/#website"},"primaryImageOfPage":{"@id":"https:\/\/www.allurevillas.com\/blog\/fr\/parc-naturel-arrabida\/#primaryimage"},"image":{"@id":"https:\/\/www.allurevillas.com\/blog\/fr\/parc-naturel-arrabida\/#primaryimage"},"thumbnailUrl":"https:\/\/www.allurevillas.com\/blog\/wp-content\/uploads\/2024\/08\/Arrabida-Natural-Park-portugal.jpg","datePublished":"2024-09-09T11:01:50+00:00","dateModified":"2026-01-15T16:25:28+00:00","author":{"@id":"https:\/\/www.allurevillas.com\/blog\/fr\/#\/schema\/person\/75dbd1c5fe5ba14c5177986e12ca8e24"},"description":"Admirez la beaut\u00e9 du parc naturel d'Arr\u00e1bida, avec ses impressionnantes falaises et ses plages de sable fin, parfaites pour se d\u00e9tendre.","breadcrumb":{"@id":"https:\/\/www.allurevillas.com\/blog\/fr\/parc-naturel-arrabida\/#breadcrumb"},"inLanguage":"fr-FR","potentialAction":[{"@type":"ReadAction","target":["https:\/\/www.allurevillas.com\/blog\/fr\/parc-naturel-arrabida\/"]}]},{"@type":"ImageObject","inLanguage":"fr-FR","@id":"https:\/\/www.allurevillas.com\/blog\/fr\/parc-naturel-arrabida\/#primaryimage","url":"https:\/\/www.allurevillas.com\/blog\/wp-content\/uploads\/2024\/08\/Arrabida-Natural-Park-portugal.jpg","contentUrl":"https:\/\/www.allurevillas.com\/blog\/wp-content\/uploads\/2024\/08\/Arrabida-Natural-Park-portugal.jpg","width":2145,"height":715,"caption":"Arr\u00e1bida Natural Park portugal"},{"@type":"BreadcrumbList","@id":"https:\/\/www.allurevillas.com\/blog\/fr\/parc-naturel-arrabida\/#breadcrumb","itemListElement":[{"@type":"ListItem","position":1,"name":"Home","item":"https:\/\/www.allurevillas.com\/blog\/fr\/"},{"@type":"ListItem","position":2,"name":"Un voyage \u00e0 travers le parc naturel d&#8217;Arr\u00e1bida : Le guide essentiel du voyageur"}]},{"@type":"WebSite","@id":"https:\/\/www.allurevillas.com\/blog\/fr\/#website","url":"https:\/\/www.allurevillas.com\/blog\/fr\/","name":"Allure Villas | Blog","description":"Allure Villas","potentialAction":[{"@type":"SearchAction","target":{"@type":"EntryPoint","urlTemplate":"https:\/\/www.allurevillas.com\/blog\/fr\/?s={search_term_string}"},"query-input":{"@type":"PropertyValueSpecification","valueRequired":true,"valueName":"search_term_string"}}],"inLanguage":"fr-FR"},{"@type":"Person","@id":"https:\/\/www.allurevillas.com\/blog\/fr\/#\/schema\/person\/75dbd1c5fe5ba14c5177986e12ca8e24","name":"digitalservices@avantio.com","image":{"@type":"ImageObject","inLanguage":"fr-FR","@id":"https:\/\/www.allurevillas.com\/blog\/fr\/#\/schema\/person\/image\/","url":"https:\/\/secure.gravatar.com\/avatar\/af30f88a1904294c1f3eb09a9d7903eec4ffa18fa2cf40c28a8681014ecdfc20?s=96&d=mm&r=g","contentUrl":"https:\/\/secure.gravatar.com\/avatar\/af30f88a1904294c1f3eb09a9d7903eec4ffa18fa2cf40c28a8681014ecdfc20?s=96&d=mm&r=g","caption":"digitalservices@avantio.com"},"url":"https:\/\/www.allurevillas.com\/blog\/fr\/author\/digitalservicesavantio-com\/"}]}},"_links":{"self":[{"href":"https:\/\/www.allurevillas.com\/blog\/fr\/wp-json\/wp\/v2\/posts\/688","targetHints":{"allow":["GET"]}}],"collection":[{"href":"https:\/\/www.allurevillas.com\/blog\/fr\/wp-json\/wp\/v2\/posts"}],"about":[{"href":"https:\/\/www.allurevillas.com\/blog\/fr\/wp-json\/wp\/v2\/types\/post"}],"author":[{"embeddable":true,"href":"https:\/\/www.allurevillas.com\/blog\/fr\/wp-json\/wp\/v2\/users\/3"}],"replies":[{"embeddable":true,"href":"https:\/\/www.allurevillas.com\/blog\/fr\/wp-json\/wp\/v2\/comments?post=688"}],"version-history":[{"count":16,"href":"https:\/\/www.allurevillas.com\/blog\/fr\/wp-json\/wp\/v2\/posts\/688\/revisions"}],"predecessor-version":[{"id":3596,"href":"https:\/\/www.allurevillas.com\/blog\/fr\/wp-json\/wp\/v2\/posts\/688\/revisions\/3596"}],"wp:featuredmedia":[{"embeddable":true,"href":"https:\/\/www.allurevillas.com\/blog\/fr\/wp-json\/wp\/v2\/media\/662"}],"wp:attachment":[{"href":"https:\/\/www.allurevillas.com\/blog\/fr\/wp-json\/wp\/v2\/media?parent=688"}],"wp:term":[{"taxonomy":"category","embeddable":true,"href":"https:\/\/www.allurevillas.com\/blog\/fr\/wp-json\/wp\/v2\/categories?post=688"},{"taxonomy":"post_tag","embeddable":true,"href":"https:\/\/www.allurevillas.com\/blog\/fr\/wp-json\/wp\/v2\/tags?post=688"}],"curies":[{"name":"wp","href":"https:\/\/api.w.org\/{rel}","templated":true}]}}