{"id":2373,"date":"2025-05-02T08:51:17","date_gmt":"2025-05-02T08:51:17","guid":{"rendered":"https:\/\/www.allurevillas.com\/blog\/?p=2373"},"modified":"2025-05-22T08:33:11","modified_gmt":"2025-05-22T08:33:11","slug":"portugal-em-julho","status":"publish","type":"post","link":"https:\/\/www.allurevillas.com\/blog\/pt\/portugal-em-julho\/","title":{"rendered":"Portugal em julho: o que torna o ver\u00e3o aqui t\u00e3o especial?"},"content":{"rendered":"\t\t<div data-elementor-type=\"wp-post\" data-elementor-id=\"2373\" class=\"elementor elementor-2373 elementor-2103\" data-elementor-post-type=\"post\">\n\t\t\t\t<div class=\"elementor-element elementor-element-46e10f76 e-flex e-con-boxed e-con e-parent\" data-id=\"46e10f76\" data-element_type=\"container\">\n\t\t\t\t\t<div class=\"e-con-inner\">\n\t\t\t\t<div class=\"elementor-element elementor-element-2879dfb8 elementor-widget elementor-widget-text-editor\" data-id=\"2879dfb8\" data-element_type=\"widget\" data-widget_type=\"text-editor.default\">\n\t\t\t\t<div class=\"elementor-widget-container\">\n\t\t\t\t\t\t\t\t\t<p>Julho em Portugal \u00e9 o pico do ver\u00e3o, o que \u00e9 sin\u00f3nimo de dias de sol, praia, festivais emocionantes e ambientes de costa bem animados. Todo o pa\u00eds est\u00e1 cheio de vida, com locais e turistas que aproveitam a vida ao ar livre, seja a relaxar na praia, a passear pelas fant\u00e1sticas paisagens de Portugal, a explorar locais culturais ou simplesmente a desfrutar de um passeio ao longo da praia.<\/p><p>Se ainda n\u00e3o sabe onde passar as suas f\u00e9rias este ano, Portugal em julho oferece o cen\u00e1rio ideal. Com dias longos e ensolarados e um ambiente festivo, \u00e9 um dos meses mais populares para sentir a beleza costeira e a rica heran\u00e7a de Portugal.<\/p>\t\t\t\t\t\t\t\t<\/div>\n\t\t\t\t<\/div>\n\t\t\t\t\t<\/div>\n\t\t\t\t<\/div>\n\t\t<div class=\"elementor-element elementor-element-48ca2bbb e-flex e-con-boxed e-con e-parent\" data-id=\"48ca2bbb\" data-element_type=\"container\">\n\t\t\t\t\t<div class=\"e-con-inner\">\n\t\t\t\t<div class=\"elementor-element elementor-element-35be8379 elementor-widget elementor-widget-table-of-contents\" data-id=\"35be8379\" data-element_type=\"widget\" data-settings=\"{&quot;headings_by_tags&quot;:[&quot;h2&quot;,&quot;h3&quot;],&quot;exclude_headings_by_selector&quot;:[],&quot;marker_view&quot;:&quot;bullets&quot;,&quot;no_headings_message&quot;:&quot;No headings were found on this page.&quot;,&quot;icon&quot;:{&quot;value&quot;:&quot;fas fa-circle&quot;,&quot;library&quot;:&quot;fa-solid&quot;,&quot;rendered_tag&quot;:&quot;&lt;svg class=\\&quot;e-font-icon-svg e-fas-circle\\&quot; viewBox=\\&quot;0 0 512 512\\&quot; xmlns=\\&quot;http:\\\/\\\/www.w3.org\\\/2000\\\/svg\\&quot;&gt;&lt;path d=\\&quot;M256 8C119 8 8 119 8 256s111 248 248 248 248-111 248-248S393 8 256 8z\\&quot;&gt;&lt;\\\/path&gt;&lt;\\\/svg&gt;&quot;},&quot;hierarchical_view&quot;:&quot;yes&quot;,&quot;min_height&quot;:{&quot;unit&quot;:&quot;px&quot;,&quot;size&quot;:&quot;&quot;,&quot;sizes&quot;:[]},&quot;min_height_tablet&quot;:{&quot;unit&quot;:&quot;px&quot;,&quot;size&quot;:&quot;&quot;,&quot;sizes&quot;:[]},&quot;min_height_mobile&quot;:{&quot;unit&quot;:&quot;px&quot;,&quot;size&quot;:&quot;&quot;,&quot;sizes&quot;:[]}}\" data-widget_type=\"table-of-contents.default\">\n\t\t\t\t<div class=\"elementor-widget-container\">\n\t\t\t\t\t\t\t\t\t<div class=\"elementor-toc__header\">\n\t\t\t\t\t\t<div class=\"elementor-toc__header-title\">\n\t\t\t\tIndice\t\t\t<\/div>\n\t\t\t\t\t\t\t\t<\/div>\n\t\t\t\t<div id=\"elementor-toc__35be8379\" class=\"elementor-toc__body\">\n\t\t\t<div class=\"elementor-toc__spinner-container\">\n\t\t\t\t<svg class=\"elementor-toc__spinner eicon-animation-spin e-font-icon-svg e-eicon-loading\" aria-hidden=\"true\" viewBox=\"0 0 1000 1000\" xmlns=\"http:\/\/www.w3.org\/2000\/svg\"><path d=\"M500 975V858C696 858 858 696 858 500S696 142 500 142 142 304 142 500H25C25 237 238 25 500 25S975 237 975 500 763 975 500 975Z\"><\/path><\/svg>\t\t\t<\/div>\n\t\t<\/div>\n\t\t\t\t\t\t<\/div>\n\t\t\t\t<\/div>\n\t\t\t\t\t<\/div>\n\t\t\t\t<\/div>\n\t\t<div class=\"elementor-element elementor-element-1502ba03 e-flex e-con-boxed e-con e-parent\" data-id=\"1502ba03\" data-element_type=\"container\">\n\t\t\t\t\t<div class=\"e-con-inner\">\n\t\t\t\t<div class=\"elementor-element elementor-element-424834f elementor-widget elementor-widget-heading\" data-id=\"424834f\" data-element_type=\"widget\" data-widget_type=\"heading.default\">\n\t\t\t\t<div class=\"elementor-widget-container\">\n\t\t\t\t\t<h2 class=\"elementor-heading-title elementor-size-default\">O tempo em Portugal em julho\n<\/h2>\t\t\t\t<\/div>\n\t\t\t\t<\/div>\n\t\t\t\t<div class=\"elementor-element elementor-element-65cae8ed elementor-widget elementor-widget-text-editor\" data-id=\"65cae8ed\" data-element_type=\"widget\" data-widget_type=\"text-editor.default\">\n\t\t\t\t<div class=\"elementor-widget-container\">\n\t\t\t\t\t\t\t\t\t<p>Uma das raz\u00f5es principais para viajar at\u00e9 Portugal em julho \u00e9 o tempo sempre agrad\u00e1vel. Julho marca o pico do ver\u00e3o, caracterizado por c\u00e9u limpo, pouca chuva e sol consistente. Se se est\u00e1 a perguntar &#8220;qu\u00e3o quente \u00e9 Portugal em julho?&#8221;, a resposta depende muito do local para onde vai, mas espere calor em todo o pa\u00eds, sendo que o Norte \u00e9 um pouco mais fresco.<\/p><p>As temperaturas m\u00e9dias diurnas variam entre os 28 \u00b0C e os 35 \u00b0C, especialmente nas regi\u00f5es do Sul. As zonas costeiras beneficiam das brisas refrescantes do mar, enquanto as cidades do interior, como \u00c9vora e Beja, podem ser consideravelmente mais quentes. As noites tendem a ser amenas, com as temperaturas a descerem raramente abaixo dos 18\u00b0C \u200b\u200b\u200b. O clima em julho em Portugal \u00e9 ideal para refei\u00e7\u00f5es ao ar livre, passeios tur\u00edsticos e aproveitar o mar, embora procurar uma sombra ao meio-dia e manter a hidrata\u00e7\u00e3o sejam essenciais.<\/p>\t\t\t\t\t\t\t\t<\/div>\n\t\t\t\t<\/div>\n\t\t\t\t\t<\/div>\n\t\t\t\t<\/div>\n\t\t<div class=\"elementor-element elementor-element-8946d78 e-flex e-con-boxed e-con e-parent\" data-id=\"8946d78\" data-element_type=\"container\">\n\t\t\t\t\t<div class=\"e-con-inner\">\n\t\t\t\t<div class=\"elementor-element elementor-element-babd459 elementor-widget elementor-widget-heading\" data-id=\"babd459\" data-element_type=\"widget\" data-widget_type=\"heading.default\">\n\t\t\t\t<div class=\"elementor-widget-container\">\n\t\t\t\t\t<h2 class=\"elementor-heading-title elementor-size-default\">Varia\u00e7\u00f5es clim\u00e1ticas regionais: Norte, Centro, Sul e Ilhas<\/h2>\t\t\t\t<\/div>\n\t\t\t\t<\/div>\n\t\t\t\t<div class=\"elementor-element elementor-element-b658cd0 elementor-widget elementor-widget-text-editor\" data-id=\"b658cd0\" data-element_type=\"widget\" data-widget_type=\"text-editor.default\">\n\t\t\t\t<div class=\"elementor-widget-container\">\n\t\t\t\t\t\t\t\t\t<p>Apesar do calor por todo o pa\u00eds, as diferen\u00e7as regionais de Portugal oferecem climas variados para atender a diferentes prefer\u00eancias.<\/p><p>No Norte, cidades como Porto e Braga desfrutam de temperaturas quentes, mas mais moderadas, com m\u00e1ximas m\u00e9dias a rondar os 26 \u00b0C. Esta regi\u00e3o pode ainda apresentar alguns dias nublados ou brisas ligeiras, especialmente perto da costa atl\u00e2ntica.<\/p><p>A regi\u00e3o Centro, que inclui Coimbra e outras cidades do interior, apresenta temperaturas mais elevadas e condi\u00e7\u00f5es mais secas. \u00c9 uma boa altura para explorar cidades ribeirinhas e locais hist\u00f3ricos sombreados.<\/p><p>No Sul, o <a href=\"https:\/\/www.allurevillas.com\/blog\/pt\/ferias-algarve\/\">Algarve<\/a> \u00e9 normalmente a zona mais quente e seca do pa\u00eds. As temperaturas aqui sobem geralmente acima dos 30 \u00b0C e a precipita\u00e7\u00e3o \u00e9 praticamente inexistente. A linha costeira beneficia das \u00e1guas frias do Atl\u00e2ntico e \u00e9 perfeita para f\u00e9rias na praia.<\/p><p>Nas ilhas, a Madeira e os A\u00e7ores oferecem um contraste refrescante. A Madeira tem m\u00e1ximas de 25 \u00b0C e recebe ventos al\u00edsios refrescantes, o que a torna perfeita para caminhadas e excurs\u00f5es na natureza. Os A\u00e7ores s\u00e3o um pouco mais frios e verdes, com chuvas fracas ocasionais e m\u00e1ximas a rondar os 24 \u00b0C.<\/p>\t\t\t\t\t\t\t\t<\/div>\n\t\t\t\t<\/div>\n\t\t\t\t\t<\/div>\n\t\t\t\t<\/div>\n\t\t<div class=\"elementor-element elementor-element-24f6a29 e-flex e-con-boxed e-con e-parent\" data-id=\"24f6a29\" data-element_type=\"container\">\n\t\t\t\t\t<div class=\"e-con-inner\">\n\t\t\t\t<div class=\"elementor-element elementor-element-c593e21 elementor-widget elementor-widget-image\" data-id=\"c593e21\" data-element_type=\"widget\" data-widget_type=\"image.default\">\n\t\t\t\t<div class=\"elementor-widget-container\">\n\t\t\t\t\t\t\t\t\t\t\t\t\t\t\t<img fetchpriority=\"high\" decoding=\"async\" width=\"1233\" height=\"616\" src=\"https:\/\/www.allurevillas.com\/blog\/wp-content\/uploads\/2025\/05\/Weather-portugal-in-July.jpg\" class=\"attachment-full size-full wp-image-2156\" alt=\"Weather-portugal-in-July.jpg\" srcset=\"https:\/\/www.allurevillas.com\/blog\/wp-content\/uploads\/2025\/05\/Weather-portugal-in-July.jpg 1233w, https:\/\/www.allurevillas.com\/blog\/wp-content\/uploads\/2025\/05\/Weather-portugal-in-July-300x150.jpg 300w, https:\/\/www.allurevillas.com\/blog\/wp-content\/uploads\/2025\/05\/Weather-portugal-in-July-1024x512.jpg 1024w, https:\/\/www.allurevillas.com\/blog\/wp-content\/uploads\/2025\/05\/Weather-portugal-in-July-768x384.jpg 768w\" sizes=\"(max-width: 1233px) 100vw, 1233px\" \/>\t\t\t\t\t\t\t\t\t\t\t\t\t\t\t<\/div>\n\t\t\t\t<\/div>\n\t\t\t\t\t<\/div>\n\t\t\t\t<\/div>\n\t\t<div class=\"elementor-element elementor-element-a53f6e4 e-flex e-con-boxed e-con e-parent\" data-id=\"a53f6e4\" data-element_type=\"container\">\n\t\t\t\t\t<div class=\"e-con-inner\">\n\t\t\t\t<div class=\"elementor-element elementor-element-79aef7f elementor-widget elementor-widget-heading\" data-id=\"79aef7f\" data-element_type=\"widget\" data-widget_type=\"heading.default\">\n\t\t\t\t<div class=\"elementor-widget-container\">\n\t\t\t\t\t<h2 class=\"elementor-heading-title elementor-size-default\">Eventos em Portugal em julho<\/h2>\t\t\t\t<\/div>\n\t\t\t\t<\/div>\n\t\t\t\t<div class=\"elementor-element elementor-element-b0ce06d elementor-widget elementor-widget-text-editor\" data-id=\"b0ce06d\" data-element_type=\"widget\" data-widget_type=\"text-editor.default\">\n\t\t\t\t<div class=\"elementor-widget-container\">\n\t\t\t\t\t\t\t\t\t<p>Julho \u00e9 um m\u00eas repleto de festivais em Portugal, que celebram de tudo, desde a m\u00fasica ao patrim\u00f3nio regional.<\/p><p>Um dos principais festivais de m\u00fasica de julho \u00e9 o <a href=\"https:\/\/nosalive.com\">Festival NOS Alive<\/a> que se realiza em Oeiras, Lisboa, de 10 a 12 de julho de 2025, no Passeio Mar\u00edtimo de Alg\u00e9s. \u00c9 conhecido pela sua programa\u00e7\u00e3o internacional de artistas de rock, indie, eletr\u00f3nica e hip-hop, com artistas como Glass Animals, Olivia Rodrigo, Nine Inch Nails, Finneas e Kings of Leon programados para atuar em 2025.<\/p><p>O <a href=\"https:\/\/www.boomfestival.org\">Boom Festival<\/a> \u00e9 um festival de m\u00fasica eletr\u00f3nica e artes de renome realizado no Lago de Idanha-a-Nova, de 17 a 24 de julho de 2025. \u00c9 conhecido pela sua cena de trance psicad\u00e9lico e e \u00e9 uma grande atra\u00e7\u00e3o para os entusiastas da m\u00fasica eletr\u00f3nica.<\/p><p>Destaque tamb\u00e9m para a <a href=\"https:\/\/sandcity.pt\">Sand City<\/a>, o maior parque de esculturas de areia do mundo, que decorre de abril a novembro de 2025, em Lagoa, no Algarve. Todos os anos, enormes esculturas de areia \u2014 baseadas em temas como a mitologia e a hist\u00f3ria \u2014 enchem o recinto da exposi\u00e7\u00e3o. Iluminadas \u00e0 noite, criam uma atmosfera m\u00e1gica. Os visitantes podem tamb\u00e9m experimentar esculpir em workshops para fam\u00edlias.<\/p><p>Se procura algo totalmente diferente, visite a <a href=\"https:\/\/coleteencarnado.cm-vfxira.pt\">Festa do Colete Encarnado<\/a>, que decorre em Vila Franca de Xira de 4 a 6 de julho de 2025. A apenas 20 minutos a norte de Lisboa, esta vibrante celebra\u00e7\u00e3o presta homenagem aos &#8220;campinos&#8221; locais, uma esp\u00e9cie de cowboys, que tradicionalmente pastoreiam o gado nas plan\u00edcies circundantes. Uma dram\u00e1tica corrida de touros pelas ruas da cidade \u00e9 um dos pontos altos, com os participantes vestidos com os caracter\u00edsticos coletes vermelhos.<\/p>\t\t\t\t\t\t\t\t<\/div>\n\t\t\t\t<\/div>\n\t\t\t\t\t<\/div>\n\t\t\t\t<\/div>\n\t\t<div class=\"elementor-element elementor-element-78592a2 e-flex e-con-boxed e-con e-parent\" data-id=\"78592a2\" data-element_type=\"container\">\n\t\t\t\t\t<div class=\"e-con-inner\">\n\t\t\t\t<div class=\"elementor-element elementor-element-1147016 elementor-widget elementor-widget-heading\" data-id=\"1147016\" data-element_type=\"widget\" data-widget_type=\"heading.default\">\n\t\t\t\t<div class=\"elementor-widget-container\">\n\t\t\t\t\t<h2 class=\"elementor-heading-title elementor-size-default\">Melhores atividades para fazer em Portugal no ver\u00e3o<\/h2>\t\t\t\t<\/div>\n\t\t\t\t<\/div>\n\t\t\t\t<div class=\"elementor-element elementor-element-952025f elementor-widget elementor-widget-text-editor\" data-id=\"952025f\" data-element_type=\"widget\" data-widget_type=\"text-editor.default\">\n\t\t\t\t<div class=\"elementor-widget-container\">\n\t\t\t\t\t\t\t\t\t<p>Com o sol de ver\u00e3o bem alto no c\u00e9u, julho \u00e9 sin\u00f3nimo de aventura ao ar livre e relaxamento.<\/p><p>Os dias de praia s\u00e3o imperd\u00edveis, com o Algarve a oferecer in\u00fameras op\u00e7\u00f5es com areia e mar, desde a Praia da Marinha \u00e0 Meia Praia. As condi\u00e7\u00f5es para a pr\u00e1tica de surf s\u00e3o excelentes ao longo da costa oeste, especialmente em locais como a Ericeira e Peniche. O clima quente de julho em Portugal tamb\u00e9m o torna perfeito para mergulho com snorkel, kayak e passeios de barco.<\/p><p>A norte, o Vale do Douro est\u00e1 em plena atividade, e esta \u00e9 uma \u00f3tima altura para cruzeiros fluviais ou passeios de degusta\u00e7\u00e3o de vinhos. Cidades como Lisboa e Porto prosperam com restaurantes ao ar livre, bares em esplanadas e concertos ao ar livre, proporcionando in\u00fameras formas de desfrutar da atmosfera animada.<\/p><p>Para quem quer escapar ao calor, o interior tem regi\u00f5es montanhosas mais frias, como a Serra da Estrela, perfeita para fazer caminhadas, ou os jardins sombreados do Pal\u00e1cio da Pena, em <a href=\"https:\/\/www.allurevillas.com\/blog\/pt\/parque-natural-de-sintra-cascais\/\">Sintra<\/a>. Na Madeira, os trilhos de ver\u00e3o oferecem vistas panor\u00e2micas, enquanto os A\u00e7ores convidam os amantes da natureza a explorar lagos vulc\u00e2nicos e litorais dram\u00e1ticos.<\/p>\t\t\t\t\t\t\t\t<\/div>\n\t\t\t\t<\/div>\n\t\t\t\t\t<\/div>\n\t\t\t\t<\/div>\n\t\t<div class=\"elementor-element elementor-element-5ecda42 e-flex e-con-boxed e-con e-parent\" data-id=\"5ecda42\" data-element_type=\"container\">\n\t\t\t\t\t<div class=\"e-con-inner\">\n\t\t\t\t<div class=\"elementor-element elementor-element-173cf71 elementor-widget elementor-widget-image\" data-id=\"173cf71\" data-element_type=\"widget\" data-widget_type=\"image.default\">\n\t\t\t\t<div class=\"elementor-widget-container\">\n\t\t\t\t\t\t\t\t\t\t\t\t\t\t\t<img decoding=\"async\" width=\"1254\" height=\"627\" src=\"https:\/\/www.allurevillas.com\/blog\/wp-content\/uploads\/2025\/05\/Portugal-in-July.jpg\" class=\"attachment-full size-full wp-image-2160\" alt=\"Portugal-in-July.jpg\" srcset=\"https:\/\/www.allurevillas.com\/blog\/wp-content\/uploads\/2025\/05\/Portugal-in-July.jpg 1254w, https:\/\/www.allurevillas.com\/blog\/wp-content\/uploads\/2025\/05\/Portugal-in-July-300x150.jpg 300w, https:\/\/www.allurevillas.com\/blog\/wp-content\/uploads\/2025\/05\/Portugal-in-July-1024x512.jpg 1024w, https:\/\/www.allurevillas.com\/blog\/wp-content\/uploads\/2025\/05\/Portugal-in-July-768x384.jpg 768w\" sizes=\"(max-width: 1254px) 100vw, 1254px\" \/>\t\t\t\t\t\t\t\t\t\t\t\t\t\t\t<\/div>\n\t\t\t\t<\/div>\n\t\t\t\t\t<\/div>\n\t\t\t\t<\/div>\n\t\t<div class=\"elementor-element elementor-element-c1e65c5 e-flex e-con-boxed e-con e-parent\" data-id=\"c1e65c5\" data-element_type=\"container\">\n\t\t\t\t\t<div class=\"e-con-inner\">\n\t\t\t\t<div class=\"elementor-element elementor-element-09aec16 elementor-widget elementor-widget-heading\" data-id=\"09aec16\" data-element_type=\"widget\" data-widget_type=\"heading.default\">\n\t\t\t\t<div class=\"elementor-widget-container\">\n\t\t\t\t\t<h2 class=\"elementor-heading-title elementor-size-default\">Portugal em julho \u00e9 uma boa op\u00e7\u00e3o?<\/h2>\t\t\t\t<\/div>\n\t\t\t\t<\/div>\n\t\t\t\t<div class=\"elementor-element elementor-element-dcab682 elementor-widget elementor-widget-text-editor\" data-id=\"dcab682\" data-element_type=\"widget\" data-widget_type=\"text-editor.default\">\n\t\t\t\t<div class=\"elementor-widget-container\">\n\t\t\t\t\t\t\t\t\t<p>Visitar Portugal em julho \u00e9 uma escolha fant\u00e1stica para os viajantes que procuram uma experi\u00eancia de ver\u00e3o completa. Com o seu clima excecional, cena cultural din\u00e2mica, festivais animados e uma lista intermin\u00e1vel de atividades ao ar livre, este \u00e9 um m\u00eas em que o pa\u00eds realmente brilha. N\u00e3o importa se prefere as praias douradas do sul, as vinhas do norte ou oscen\u00e1rios dram\u00e1ticos das ilhas, h\u00e1 algo para cada tipo de viajante.<\/p><p>Para aproveitar ao m\u00e1ximo a sua aventura de ver\u00e3o, considere reservar o seu alojamento com a <a href=\"https:\/\/www.allurevillas.com\/pt\/\">Allure Villas<\/a>. Com uma variedade de casas de f\u00e9rias deslumbrantes localizadas nos destinos mais desejados de Portugal, a Allure Villas oferece conforto, estilo e charme local para uma estadia verdadeiramente memor\u00e1vel.<\/p>\t\t\t\t\t\t\t\t<\/div>\n\t\t\t\t<\/div>\n\t\t\t\t\t<\/div>\n\t\t\t\t<\/div>\n\t\t<div class=\"elementor-element elementor-element-17141359 e-flex e-con-boxed e-con e-parent\" data-id=\"17141359\" data-element_type=\"container\">\n\t\t\t\t\t<div class=\"e-con-inner\">\n\t\t\t\t<div class=\"elementor-element elementor-element-125fc545 elementor-widget elementor-widget-shortcode\" data-id=\"125fc545\" data-element_type=\"widget\" data-widget_type=\"shortcode.default\">\n\t\t\t\t<div class=\"elementor-widget-container\">\n\t\t\t\t\t\t\t<div class=\"elementor-shortcode\">\t\t<div data-elementor-type=\"container\" data-elementor-id=\"1584\" class=\"elementor elementor-1584 elementor-248\" data-elementor-post-type=\"elementor_library\">\n\t\t\t\t<div class=\"elementor-element elementor-element-53456523 e-flex e-con-boxed e-con e-parent\" data-id=\"53456523\" data-element_type=\"container\">\n\t\t\t\t\t<div class=\"e-con-inner\">\n\t\t<div class=\"elementor-element elementor-element-76e2c5bb e-con-full e-flex e-con e-child\" data-id=\"76e2c5bb\" data-element_type=\"container\">\n\t\t\t\t<div class=\"elementor-element elementor-element-322221b6 elementor-align-justify elementor-widget elementor-widget-button\" data-id=\"322221b6\" data-element_type=\"widget\" data-widget_type=\"button.default\">\n\t\t\t\t<div class=\"elementor-widget-container\">\n\t\t\t\t\t\t\t\t\t<div class=\"elementor-button-wrapper\">\n\t\t\t\t\t<a class=\"elementor-button elementor-button-link elementor-size-sm\" href=\"https:\/\/www.allurevillas.com\/pt\/alojamento-local-portugal\/\">\n\t\t\t\t\t\t<span class=\"elementor-button-content-wrapper\">\n\t\t\t\t\t\t\t\t\t<span class=\"elementor-button-text\">Alojamento em Portugal<\/span>\n\t\t\t\t\t<\/span>\n\t\t\t\t\t<\/a>\n\t\t\t\t<\/div>\n\t\t\t\t\t\t\t\t<\/div>\n\t\t\t\t<\/div>\n\t\t\t\t<\/div>\n\t\t<div class=\"elementor-element elementor-element-665afe85 e-con-full e-flex e-con e-child\" data-id=\"665afe85\" data-element_type=\"container\">\n\t\t\t\t<div class=\"elementor-element elementor-element-7d477f6d elementor-align-justify elementor-widget elementor-widget-button\" data-id=\"7d477f6d\" data-element_type=\"widget\" data-widget_type=\"button.default\">\n\t\t\t\t<div class=\"elementor-widget-container\">\n\t\t\t\t\t\t\t\t\t<div class=\"elementor-button-wrapper\">\n\t\t\t\t\t<a class=\"elementor-button elementor-button-link elementor-size-sm\" href=\"https:\/\/www.allurevillas.com\/pt\/villas-ferias-portugal\/\">\n\t\t\t\t\t\t<span class=\"elementor-button-content-wrapper\">\n\t\t\t\t\t\t\t\t\t<span class=\"elementor-button-text\">Villas Portugal<\/span>\n\t\t\t\t\t<\/span>\n\t\t\t\t\t<\/a>\n\t\t\t\t<\/div>\n\t\t\t\t\t\t\t\t<\/div>\n\t\t\t\t<\/div>\n\t\t\t\t<\/div>\n\t\t\t\t\t<\/div>\n\t\t\t\t<\/div>\n\t\t\t\t<\/div>\n\t\t<\/div>\n\t\t\t\t\t\t<\/div>\n\t\t\t\t<\/div>\n\t\t\t\t\t<\/div>\n\t\t\t\t<\/div>\n\t\t\t\t<\/div>\n\t\t","protected":false},"excerpt":{"rendered":"<p>Julho em Portugal \u00e9 o pico do ver\u00e3o, o que \u00e9 sin\u00f3nimo de dias de sol, praia, festivais emocionantes e&#8230;<\/p>\n","protected":false},"author":3,"featured_media":2164,"comment_status":"open","ping_status":"open","sticky":false,"template":"","format":"standard","meta":{"footnotes":""},"categories":[56,27],"tags":[],"class_list":["post-2373","post","type-post","status-publish","format-standard","has-post-thumbnail","hentry","category-montly-activities","category-portugal-fr"],"yoast_head":"<!-- This site is optimized with the Yoast SEO plugin v26.7 - https:\/\/yoast.com\/wordpress\/plugins\/seo\/ -->\n<title>Portugal em julho: o que torna o ver\u00e3o aqui t\u00e3o especial? - Allure Villas | Blog<\/title>\n<meta name=\"description\" content=\"Explore Portugal em julho: praias ensolaradas, festivais animados e cidades repletas de hist\u00f3ria. Um destino de ver\u00e3o perfeito!\" \/>\n<meta name=\"robots\" content=\"index, follow, max-snippet:-1, max-image-preview:large, max-video-preview:-1\" \/>\n<link rel=\"canonical\" href=\"https:\/\/www.allurevillas.com\/blog\/pt\/portugal-em-julho\/\" \/>\n<meta property=\"og:locale\" content=\"pt_PT\" \/>\n<meta property=\"og:type\" content=\"article\" \/>\n<meta property=\"og:title\" content=\"Portugal em julho: o que torna o ver\u00e3o aqui t\u00e3o especial? - Allure Villas | Blog\" \/>\n<meta property=\"og:description\" content=\"Explore Portugal em julho: praias ensolaradas, festivais animados e cidades repletas de hist\u00f3ria. Um destino de ver\u00e3o perfeito!\" \/>\n<meta property=\"og:url\" content=\"https:\/\/www.allurevillas.com\/blog\/pt\/portugal-em-julho\/\" \/>\n<meta property=\"og:site_name\" content=\"Allure Villas | Blog\" \/>\n<meta property=\"article:published_time\" content=\"2025-05-02T08:51:17+00:00\" \/>\n<meta property=\"article:modified_time\" content=\"2025-05-22T08:33:11+00:00\" \/>\n<meta property=\"og:image\" content=\"https:\/\/www.allurevillas.com\/blog\/wp-content\/uploads\/2025\/05\/July-in-Portugal.jpg\" \/>\n\t<meta property=\"og:image:width\" content=\"2120\" \/>\n\t<meta property=\"og:image:height\" content=\"707\" \/>\n\t<meta property=\"og:image:type\" content=\"image\/jpeg\" \/>\n<meta name=\"author\" content=\"digitalservices@avantio.com\" \/>\n<meta name=\"twitter:card\" content=\"summary_large_image\" \/>\n<meta name=\"twitter:label1\" content=\"Written by\" \/>\n\t<meta name=\"twitter:data1\" content=\"digitalservices@avantio.com\" \/>\n\t<meta name=\"twitter:label2\" content=\"Est. reading time\" \/>\n\t<meta name=\"twitter:data2\" content=\"7 minutos\" \/>\n<script type=\"application\/ld+json\" class=\"yoast-schema-graph\">{\"@context\":\"https:\/\/schema.org\",\"@graph\":[{\"@type\":\"Article\",\"@id\":\"https:\/\/www.allurevillas.com\/blog\/pt\/portugal-em-julho\/#article\",\"isPartOf\":{\"@id\":\"https:\/\/www.allurevillas.com\/blog\/pt\/portugal-em-julho\/\"},\"author\":{\"name\":\"digitalservices@avantio.com\",\"@id\":\"https:\/\/www.allurevillas.com\/blog\/pt\/#\/schema\/person\/75dbd1c5fe5ba14c5177986e12ca8e24\"},\"headline\":\"Portugal em julho: o que torna o ver\u00e3o aqui t\u00e3o especial?\",\"datePublished\":\"2025-05-02T08:51:17+00:00\",\"dateModified\":\"2025-05-22T08:33:11+00:00\",\"mainEntityOfPage\":{\"@id\":\"https:\/\/www.allurevillas.com\/blog\/pt\/portugal-em-julho\/\"},\"wordCount\":1151,\"commentCount\":0,\"image\":{\"@id\":\"https:\/\/www.allurevillas.com\/blog\/pt\/portugal-em-julho\/#primaryimage\"},\"thumbnailUrl\":\"https:\/\/www.allurevillas.com\/blog\/wp-content\/uploads\/2025\/05\/July-in-Portugal.jpg\",\"articleSection\":[\"Montly activities\",\"Portugal\"],\"inLanguage\":\"pt-PT\",\"potentialAction\":[{\"@type\":\"CommentAction\",\"name\":\"Comment\",\"target\":[\"https:\/\/www.allurevillas.com\/blog\/pt\/portugal-em-julho\/#respond\"]}]},{\"@type\":\"WebPage\",\"@id\":\"https:\/\/www.allurevillas.com\/blog\/pt\/portugal-em-julho\/\",\"url\":\"https:\/\/www.allurevillas.com\/blog\/pt\/portugal-em-julho\/\",\"name\":\"Portugal em julho: o que torna o ver\u00e3o aqui t\u00e3o especial? - Allure Villas | Blog\",\"isPartOf\":{\"@id\":\"https:\/\/www.allurevillas.com\/blog\/pt\/#website\"},\"primaryImageOfPage\":{\"@id\":\"https:\/\/www.allurevillas.com\/blog\/pt\/portugal-em-julho\/#primaryimage\"},\"image\":{\"@id\":\"https:\/\/www.allurevillas.com\/blog\/pt\/portugal-em-julho\/#primaryimage\"},\"thumbnailUrl\":\"https:\/\/www.allurevillas.com\/blog\/wp-content\/uploads\/2025\/05\/July-in-Portugal.jpg\",\"datePublished\":\"2025-05-02T08:51:17+00:00\",\"dateModified\":\"2025-05-22T08:33:11+00:00\",\"author\":{\"@id\":\"https:\/\/www.allurevillas.com\/blog\/pt\/#\/schema\/person\/75dbd1c5fe5ba14c5177986e12ca8e24\"},\"description\":\"Explore Portugal em julho: praias ensolaradas, festivais animados e cidades repletas de hist\u00f3ria. Um destino de ver\u00e3o perfeito!\",\"breadcrumb\":{\"@id\":\"https:\/\/www.allurevillas.com\/blog\/pt\/portugal-em-julho\/#breadcrumb\"},\"inLanguage\":\"pt-PT\",\"potentialAction\":[{\"@type\":\"ReadAction\",\"target\":[\"https:\/\/www.allurevillas.com\/blog\/pt\/portugal-em-julho\/\"]}]},{\"@type\":\"ImageObject\",\"inLanguage\":\"pt-PT\",\"@id\":\"https:\/\/www.allurevillas.com\/blog\/pt\/portugal-em-julho\/#primaryimage\",\"url\":\"https:\/\/www.allurevillas.com\/blog\/wp-content\/uploads\/2025\/05\/July-in-Portugal.jpg\",\"contentUrl\":\"https:\/\/www.allurevillas.com\/blog\/wp-content\/uploads\/2025\/05\/July-in-Portugal.jpg\",\"width\":2120,\"height\":707,\"caption\":\"Couple holding hands at Pra\u00e7a do Com\u00e9rcio in Lisbon, Portugal\"},{\"@type\":\"BreadcrumbList\",\"@id\":\"https:\/\/www.allurevillas.com\/blog\/pt\/portugal-em-julho\/#breadcrumb\",\"itemListElement\":[{\"@type\":\"ListItem\",\"position\":1,\"name\":\"Home\",\"item\":\"https:\/\/www.allurevillas.com\/blog\/pt\/\"},{\"@type\":\"ListItem\",\"position\":2,\"name\":\"Portugal em julho: o que torna o ver\u00e3o aqui t\u00e3o especial?\"}]},{\"@type\":\"WebSite\",\"@id\":\"https:\/\/www.allurevillas.com\/blog\/pt\/#website\",\"url\":\"https:\/\/www.allurevillas.com\/blog\/pt\/\",\"name\":\"Allure Villas | Blog\",\"description\":\"Allure Villas\",\"potentialAction\":[{\"@type\":\"SearchAction\",\"target\":{\"@type\":\"EntryPoint\",\"urlTemplate\":\"https:\/\/www.allurevillas.com\/blog\/pt\/?s={search_term_string}\"},\"query-input\":{\"@type\":\"PropertyValueSpecification\",\"valueRequired\":true,\"valueName\":\"search_term_string\"}}],\"inLanguage\":\"pt-PT\"},{\"@type\":\"Person\",\"@id\":\"https:\/\/www.allurevillas.com\/blog\/pt\/#\/schema\/person\/75dbd1c5fe5ba14c5177986e12ca8e24\",\"name\":\"digitalservices@avantio.com\",\"image\":{\"@type\":\"ImageObject\",\"inLanguage\":\"pt-PT\",\"@id\":\"https:\/\/www.allurevillas.com\/blog\/pt\/#\/schema\/person\/image\/\",\"url\":\"https:\/\/secure.gravatar.com\/avatar\/af30f88a1904294c1f3eb09a9d7903eec4ffa18fa2cf40c28a8681014ecdfc20?s=96&d=mm&r=g\",\"contentUrl\":\"https:\/\/secure.gravatar.com\/avatar\/af30f88a1904294c1f3eb09a9d7903eec4ffa18fa2cf40c28a8681014ecdfc20?s=96&d=mm&r=g\",\"caption\":\"digitalservices@avantio.com\"},\"url\":\"https:\/\/www.allurevillas.com\/blog\/pt\/author\/digitalservicesavantio-com\/\"}]}<\/script>\n<!-- \/ Yoast SEO plugin. -->","yoast_head_json":{"title":"Portugal em julho: o que torna o ver\u00e3o aqui t\u00e3o especial? - Allure Villas | Blog","description":"Explore Portugal em julho: praias ensolaradas, festivais animados e cidades repletas de hist\u00f3ria. Um destino de ver\u00e3o perfeito!","robots":{"index":"index","follow":"follow","max-snippet":"max-snippet:-1","max-image-preview":"max-image-preview:large","max-video-preview":"max-video-preview:-1"},"canonical":"https:\/\/www.allurevillas.com\/blog\/pt\/portugal-em-julho\/","og_locale":"pt_PT","og_type":"article","og_title":"Portugal em julho: o que torna o ver\u00e3o aqui t\u00e3o especial? - Allure Villas | Blog","og_description":"Explore Portugal em julho: praias ensolaradas, festivais animados e cidades repletas de hist\u00f3ria. Um destino de ver\u00e3o perfeito!","og_url":"https:\/\/www.allurevillas.com\/blog\/pt\/portugal-em-julho\/","og_site_name":"Allure Villas | Blog","article_published_time":"2025-05-02T08:51:17+00:00","article_modified_time":"2025-05-22T08:33:11+00:00","og_image":[{"width":2120,"height":707,"url":"https:\/\/www.allurevillas.com\/blog\/wp-content\/uploads\/2025\/05\/July-in-Portugal.jpg","type":"image\/jpeg"}],"author":"digitalservices@avantio.com","twitter_card":"summary_large_image","twitter_misc":{"Written by":"digitalservices@avantio.com","Est. reading time":"7 minutos"},"schema":{"@context":"https:\/\/schema.org","@graph":[{"@type":"Article","@id":"https:\/\/www.allurevillas.com\/blog\/pt\/portugal-em-julho\/#article","isPartOf":{"@id":"https:\/\/www.allurevillas.com\/blog\/pt\/portugal-em-julho\/"},"author":{"name":"digitalservices@avantio.com","@id":"https:\/\/www.allurevillas.com\/blog\/pt\/#\/schema\/person\/75dbd1c5fe5ba14c5177986e12ca8e24"},"headline":"Portugal em julho: o que torna o ver\u00e3o aqui t\u00e3o especial?","datePublished":"2025-05-02T08:51:17+00:00","dateModified":"2025-05-22T08:33:11+00:00","mainEntityOfPage":{"@id":"https:\/\/www.allurevillas.com\/blog\/pt\/portugal-em-julho\/"},"wordCount":1151,"commentCount":0,"image":{"@id":"https:\/\/www.allurevillas.com\/blog\/pt\/portugal-em-julho\/#primaryimage"},"thumbnailUrl":"https:\/\/www.allurevillas.com\/blog\/wp-content\/uploads\/2025\/05\/July-in-Portugal.jpg","articleSection":["Montly activities","Portugal"],"inLanguage":"pt-PT","potentialAction":[{"@type":"CommentAction","name":"Comment","target":["https:\/\/www.allurevillas.com\/blog\/pt\/portugal-em-julho\/#respond"]}]},{"@type":"WebPage","@id":"https:\/\/www.allurevillas.com\/blog\/pt\/portugal-em-julho\/","url":"https:\/\/www.allurevillas.com\/blog\/pt\/portugal-em-julho\/","name":"Portugal em julho: o que torna o ver\u00e3o aqui t\u00e3o especial? - Allure Villas | Blog","isPartOf":{"@id":"https:\/\/www.allurevillas.com\/blog\/pt\/#website"},"primaryImageOfPage":{"@id":"https:\/\/www.allurevillas.com\/blog\/pt\/portugal-em-julho\/#primaryimage"},"image":{"@id":"https:\/\/www.allurevillas.com\/blog\/pt\/portugal-em-julho\/#primaryimage"},"thumbnailUrl":"https:\/\/www.allurevillas.com\/blog\/wp-content\/uploads\/2025\/05\/July-in-Portugal.jpg","datePublished":"2025-05-02T08:51:17+00:00","dateModified":"2025-05-22T08:33:11+00:00","author":{"@id":"https:\/\/www.allurevillas.com\/blog\/pt\/#\/schema\/person\/75dbd1c5fe5ba14c5177986e12ca8e24"},"description":"Explore Portugal em julho: praias ensolaradas, festivais animados e cidades repletas de hist\u00f3ria. Um destino de ver\u00e3o perfeito!","breadcrumb":{"@id":"https:\/\/www.allurevillas.com\/blog\/pt\/portugal-em-julho\/#breadcrumb"},"inLanguage":"pt-PT","potentialAction":[{"@type":"ReadAction","target":["https:\/\/www.allurevillas.com\/blog\/pt\/portugal-em-julho\/"]}]},{"@type":"ImageObject","inLanguage":"pt-PT","@id":"https:\/\/www.allurevillas.com\/blog\/pt\/portugal-em-julho\/#primaryimage","url":"https:\/\/www.allurevillas.com\/blog\/wp-content\/uploads\/2025\/05\/July-in-Portugal.jpg","contentUrl":"https:\/\/www.allurevillas.com\/blog\/wp-content\/uploads\/2025\/05\/July-in-Portugal.jpg","width":2120,"height":707,"caption":"Couple holding hands at Pra\u00e7a do Com\u00e9rcio in Lisbon, Portugal"},{"@type":"BreadcrumbList","@id":"https:\/\/www.allurevillas.com\/blog\/pt\/portugal-em-julho\/#breadcrumb","itemListElement":[{"@type":"ListItem","position":1,"name":"Home","item":"https:\/\/www.allurevillas.com\/blog\/pt\/"},{"@type":"ListItem","position":2,"name":"Portugal em julho: o que torna o ver\u00e3o aqui t\u00e3o especial?"}]},{"@type":"WebSite","@id":"https:\/\/www.allurevillas.com\/blog\/pt\/#website","url":"https:\/\/www.allurevillas.com\/blog\/pt\/","name":"Allure Villas | Blog","description":"Allure Villas","potentialAction":[{"@type":"SearchAction","target":{"@type":"EntryPoint","urlTemplate":"https:\/\/www.allurevillas.com\/blog\/pt\/?s={search_term_string}"},"query-input":{"@type":"PropertyValueSpecification","valueRequired":true,"valueName":"search_term_string"}}],"inLanguage":"pt-PT"},{"@type":"Person","@id":"https:\/\/www.allurevillas.com\/blog\/pt\/#\/schema\/person\/75dbd1c5fe5ba14c5177986e12ca8e24","name":"digitalservices@avantio.com","image":{"@type":"ImageObject","inLanguage":"pt-PT","@id":"https:\/\/www.allurevillas.com\/blog\/pt\/#\/schema\/person\/image\/","url":"https:\/\/secure.gravatar.com\/avatar\/af30f88a1904294c1f3eb09a9d7903eec4ffa18fa2cf40c28a8681014ecdfc20?s=96&d=mm&r=g","contentUrl":"https:\/\/secure.gravatar.com\/avatar\/af30f88a1904294c1f3eb09a9d7903eec4ffa18fa2cf40c28a8681014ecdfc20?s=96&d=mm&r=g","caption":"digitalservices@avantio.com"},"url":"https:\/\/www.allurevillas.com\/blog\/pt\/author\/digitalservicesavantio-com\/"}]}},"_links":{"self":[{"href":"https:\/\/www.allurevillas.com\/blog\/pt\/wp-json\/wp\/v2\/posts\/2373","targetHints":{"allow":["GET"]}}],"collection":[{"href":"https:\/\/www.allurevillas.com\/blog\/pt\/wp-json\/wp\/v2\/posts"}],"about":[{"href":"https:\/\/www.allurevillas.com\/blog\/pt\/wp-json\/wp\/v2\/types\/post"}],"author":[{"embeddable":true,"href":"https:\/\/www.allurevillas.com\/blog\/pt\/wp-json\/wp\/v2\/users\/3"}],"replies":[{"embeddable":true,"href":"https:\/\/www.allurevillas.com\/blog\/pt\/wp-json\/wp\/v2\/comments?post=2373"}],"version-history":[{"count":7,"href":"https:\/\/www.allurevillas.com\/blog\/pt\/wp-json\/wp\/v2\/posts\/2373\/revisions"}],"predecessor-version":[{"id":2394,"href":"https:\/\/www.allurevillas.com\/blog\/pt\/wp-json\/wp\/v2\/posts\/2373\/revisions\/2394"}],"wp:featuredmedia":[{"embeddable":true,"href":"https:\/\/www.allurevillas.com\/blog\/pt\/wp-json\/wp\/v2\/media\/2164"}],"wp:attachment":[{"href":"https:\/\/www.allurevillas.com\/blog\/pt\/wp-json\/wp\/v2\/media?parent=2373"}],"wp:term":[{"taxonomy":"category","embeddable":true,"href":"https:\/\/www.allurevillas.com\/blog\/pt\/wp-json\/wp\/v2\/categories?post=2373"},{"taxonomy":"post_tag","embeddable":true,"href":"https:\/\/www.allurevillas.com\/blog\/pt\/wp-json\/wp\/v2\/tags?post=2373"}],"curies":[{"name":"wp","href":"https:\/\/api.w.org\/{rel}","templated":true}]}}