{"id":732,"date":"2024-09-09T11:01:50","date_gmt":"2024-09-09T11:01:50","guid":{"rendered":"https:\/\/www.allurevillas.com\/blog\/?p=732"},"modified":"2024-09-27T06:53:48","modified_gmt":"2024-09-27T06:53:48","slug":"parque-natural-arrabida","status":"publish","type":"post","link":"https:\/\/www.allurevillas.com\/blog\/pt\/parque-natural-arrabida\/","title":{"rendered":"Uma Viagem pelo Parque Natural da Arr\u00e1bida: Guia Essencial para Visitantes"},"content":{"rendered":"\t\t<div data-elementor-type=\"wp-post\" data-elementor-id=\"732\" class=\"elementor elementor-732 elementor-598\" data-elementor-post-type=\"post\">\n\t\t\t\t<div class=\"elementor-element elementor-element-2205eb15 e-flex e-con-boxed e-con e-parent\" data-id=\"2205eb15\" data-element_type=\"container\">\n\t\t\t\t\t<div class=\"e-con-inner\">\n\t\t\t\t<div class=\"elementor-element elementor-element-106fa077 elementor-widget elementor-widget-text-editor\" data-id=\"106fa077\" data-element_type=\"widget\" data-widget_type=\"text-editor.default\">\n\t\t\t\t<div class=\"elementor-widget-container\">\n\t\t\t\t\t\t\t\t\t<p style=\"font-weight: 400\">Situado no distrito de Set\u00fabal, em Portugal, o Parque Natural da Arr\u00e1bida \u00e9 um testemunho deslumbrante da diversidade das paisagens naturais de Portugal. Cobrindo uma \u00e1rea de aproximadamente 108 quil\u00f3metros quadrados, este parque protegido \u00e9 conhecido pelas suas impressionantes fal\u00e9sias calc\u00e1rias, florestas verdejantes e praias imaculadas. Fundado em 1976, tem a designa\u00e7\u00e3o de reserva natural, o que sublinha a sua import\u00e2ncia ecol\u00f3gica e o compromisso com a preserva\u00e7\u00e3o do seu ambiente \u00fanico.<\/p><p style=\"font-weight: 400\">Numa zona designada como Costa Azul, a geografia do parque destaca a dram\u00e1tica cordilheira da Serra da Arr\u00e1bida, que se eleva majestosamente acima da costa atl\u00e2ntica. Esta regi\u00e3o pitoresca oferece um retiro tranquilo da vida urbana, tornando-se um ref\u00fagio para os amantes da natureza, aventureiros e aqueles que simplesmente procuram relaxar num ambiente natural.<\/p>\t\t\t\t\t\t\t\t<\/div>\n\t\t\t\t<\/div>\n\t\t\t\t\t<\/div>\n\t\t\t\t<\/div>\n\t\t<div class=\"elementor-element elementor-element-1e1e55ba e-flex e-con-boxed e-con e-parent\" data-id=\"1e1e55ba\" data-element_type=\"container\">\n\t\t\t\t\t<div class=\"e-con-inner\">\n\t\t\t\t<div class=\"elementor-element elementor-element-e78cfd5 elementor-widget elementor-widget-table-of-contents\" data-id=\"e78cfd5\" data-element_type=\"widget\" data-settings=\"{&quot;headings_by_tags&quot;:[&quot;h2&quot;],&quot;exclude_headings_by_selector&quot;:[],&quot;marker_view&quot;:&quot;bullets&quot;,&quot;icon&quot;:{&quot;value&quot;:&quot;fas fa-circle&quot;,&quot;library&quot;:&quot;fa-solid&quot;,&quot;rendered_tag&quot;:&quot;&lt;svg class=\\&quot;e-font-icon-svg e-fas-circle\\&quot; viewBox=\\&quot;0 0 512 512\\&quot; xmlns=\\&quot;http:\\\/\\\/www.w3.org\\\/2000\\\/svg\\&quot;&gt;&lt;path d=\\&quot;M256 8C119 8 8 119 8 256s111 248 248 248 248-111 248-248S393 8 256 8z\\&quot;&gt;&lt;\\\/path&gt;&lt;\\\/svg&gt;&quot;},&quot;no_headings_message&quot;:&quot;No headings were found on this page.&quot;,&quot;hierarchical_view&quot;:&quot;yes&quot;,&quot;min_height&quot;:{&quot;unit&quot;:&quot;px&quot;,&quot;size&quot;:&quot;&quot;,&quot;sizes&quot;:[]},&quot;min_height_tablet&quot;:{&quot;unit&quot;:&quot;px&quot;,&quot;size&quot;:&quot;&quot;,&quot;sizes&quot;:[]},&quot;min_height_mobile&quot;:{&quot;unit&quot;:&quot;px&quot;,&quot;size&quot;:&quot;&quot;,&quot;sizes&quot;:[]}}\" data-widget_type=\"table-of-contents.default\">\n\t\t\t\t<div class=\"elementor-widget-container\">\n\t\t\t\t\t\t\t\t\t<div class=\"elementor-toc__header\">\n\t\t\t\t\t\t<div class=\"elementor-toc__header-title\">\n\t\t\t\tIndice\t\t\t<\/div>\n\t\t\t\t\t\t\t\t<\/div>\n\t\t\t\t<div id=\"elementor-toc__e78cfd5\" class=\"elementor-toc__body\">\n\t\t\t<div class=\"elementor-toc__spinner-container\">\n\t\t\t\t<svg class=\"elementor-toc__spinner eicon-animation-spin e-font-icon-svg e-eicon-loading\" aria-hidden=\"true\" viewBox=\"0 0 1000 1000\" xmlns=\"http:\/\/www.w3.org\/2000\/svg\"><path d=\"M500 975V858C696 858 858 696 858 500S696 142 500 142 142 304 142 500H25C25 237 238 25 500 25S975 237 975 500 763 975 500 975Z\"><\/path><\/svg>\t\t\t<\/div>\n\t\t<\/div>\n\t\t\t\t\t\t<\/div>\n\t\t\t\t<\/div>\n\t\t\t\t\t<\/div>\n\t\t\t\t<\/div>\n\t\t<div class=\"elementor-element elementor-element-76d5890f e-flex e-con-boxed e-con e-parent\" data-id=\"76d5890f\" data-element_type=\"container\">\n\t\t\t\t\t<div class=\"e-con-inner\">\n\t\t\t\t<div class=\"elementor-element elementor-element-e308763 elementor-widget elementor-widget-heading\" data-id=\"e308763\" data-element_type=\"widget\" data-widget_type=\"heading.default\">\n\t\t\t\t<div class=\"elementor-widget-container\">\n\t\t\t\t\t<h2 class=\"elementor-heading-title elementor-size-default\">Flora e Fauna do Parque Natural da Arr\u00e1bida<\/h2>\t\t\t\t<\/div>\n\t\t\t\t<\/div>\n\t\t\t\t<div class=\"elementor-element elementor-element-355b00d7 elementor-widget elementor-widget-text-editor\" data-id=\"355b00d7\" data-element_type=\"widget\" data-widget_type=\"text-editor.default\">\n\t\t\t\t<div class=\"elementor-widget-container\">\n\t\t\t\t\t\t\t\t\t<p style=\"font-weight: 400\">O Parque Natural da Arr\u00e1bida alberga um rico conjunto de flora e fauna, refletindo a diversidade de habitats. A exuberante vegeta\u00e7\u00e3o do parque inclui esp\u00e9cies mediterr\u00e2nicas, como sobreiros, pinheiros bravos, e uma variedade de ervas arom\u00e1ticas como o rosmaninho e o tomilho. Estas plantas n\u00e3o s\u00e3o apenas essenciais para a beleza paisag\u00edstica do parque, mas tamb\u00e9m cruciais para sustentar uma grande variedade de vida selvagem.<\/p><p style=\"font-weight: 400\">A fauna do parque inclui esp\u00e9cies not\u00e1veis \u200b\u200bcomo o lince ib\u00e9rico, uma criatura rara e esquiva que encontra ref\u00fagio nas densas florestas do parque. Os entusiastas das aves ficar\u00e3o encantados com a vis\u00e3o de esp\u00e9cies como a \u00e1guia-de-Bonelli e o falc\u00e3o-peregrino. Al\u00e9m disso, as \u00e1guas costeiras s\u00e3o frequentadas por golfinhos e diversas aves marinhas, refor\u00e7ando a rica biodiversidade do parque.<\/p>\t\t\t\t\t\t\t\t<\/div>\n\t\t\t\t<\/div>\n\t\t\t\t\t<\/div>\n\t\t\t\t<\/div>\n\t\t<div class=\"elementor-element elementor-element-32ba132 e-flex e-con-boxed e-con e-parent\" data-id=\"32ba132\" data-element_type=\"container\">\n\t\t\t\t\t<div class=\"e-con-inner\">\n\t\t\t\t<div class=\"elementor-element elementor-element-e0b061d elementor-widget elementor-widget-heading\" data-id=\"e0b061d\" data-element_type=\"widget\" data-widget_type=\"heading.default\">\n\t\t\t\t<div class=\"elementor-widget-container\">\n\t\t\t\t\t<h2 class=\"elementor-heading-title elementor-size-default\">Trilhos para caminhadas e atividades ao ar livre<\/h2>\t\t\t\t<\/div>\n\t\t\t\t<\/div>\n\t\t\t\t<div class=\"elementor-element elementor-element-ac858af elementor-widget elementor-widget-text-editor\" data-id=\"ac858af\" data-element_type=\"widget\" data-widget_type=\"text-editor.default\">\n\t\t\t\t<div class=\"elementor-widget-container\">\n\t\t\t\t\t\t\t\t\t<p>Para os amantes da vida <em>outdoor<\/em>, o Parque Nacional da Arr\u00e1bida oferece uma variedade de percursos pedestres e atividades que mostram a sua beleza natural. Um dos trilhos mais populares do parque \u00e9 a Rota dos Moinhos, que conduz os caminhantes por paisagens pitorescas e por moinhos hist\u00f3ricos. Este trilho oferece vistas panor\u00e2micas sobre as colinas circundantes e o Oceano Atl\u00e2ntico.<br \/>Al\u00e9m das caminhadas, o parque oferece oportunidades para a pr\u00e1tica de BTT, escalada e observa\u00e7\u00e3o de aves. As fal\u00e9sias costeiras s\u00e3o ideais para escalada, enquanto as \u00e1guas calmas da ba\u00eda s\u00e3o perfeitas para a pr\u00e1tica de kayaking, snorkeling e mergulho.<\/p>\t\t\t\t\t\t\t\t<\/div>\n\t\t\t\t<\/div>\n\t\t\t\t\t<\/div>\n\t\t\t\t<\/div>\n\t\t<div class=\"elementor-element elementor-element-62038e89 e-flex e-con-boxed e-con e-parent\" data-id=\"62038e89\" data-element_type=\"container\">\n\t\t\t\t\t<div class=\"e-con-inner\">\n\t\t\t\t<div class=\"elementor-element elementor-element-1fa08e3 elementor-widget elementor-widget-image\" data-id=\"1fa08e3\" data-element_type=\"widget\" data-widget_type=\"image.default\">\n\t\t\t\t<div class=\"elementor-widget-container\">\n\t\t\t\t\t\t\t\t\t\t\t\t\t\t\t<img fetchpriority=\"high\" decoding=\"async\" width=\"1254\" height=\"627\" src=\"https:\/\/www.allurevillas.com\/blog\/wp-content\/uploads\/2024\/08\/Hiking-Trails-and-Outdoor-Activities.jpg\" class=\"attachment-full size-full wp-image-659\" alt=\"Hiking-Trails-and-Outdoor-Activities\" srcset=\"https:\/\/www.allurevillas.com\/blog\/wp-content\/uploads\/2024\/08\/Hiking-Trails-and-Outdoor-Activities.jpg 1254w, https:\/\/www.allurevillas.com\/blog\/wp-content\/uploads\/2024\/08\/Hiking-Trails-and-Outdoor-Activities-768x384.jpg 768w\" sizes=\"(max-width: 1254px) 100vw, 1254px\" \/>\t\t\t\t\t\t\t\t\t\t\t\t\t\t\t<\/div>\n\t\t\t\t<\/div>\n\t\t\t\t\t<\/div>\n\t\t\t\t<\/div>\n\t\t<div class=\"elementor-element elementor-element-bc0df13 e-flex e-con-boxed e-con e-parent\" data-id=\"bc0df13\" data-element_type=\"container\">\n\t\t\t\t\t<div class=\"e-con-inner\">\n\t\t\t\t<div class=\"elementor-element elementor-element-fce4a42 elementor-widget elementor-widget-heading\" data-id=\"fce4a42\" data-element_type=\"widget\" data-widget_type=\"heading.default\">\n\t\t\t\t<div class=\"elementor-widget-container\">\n\t\t\t\t\t<h2 class=\"elementor-heading-title elementor-size-default\">Mapa e \u00c1reas de Interesse na Arr\u00e1bida<\/h2>\t\t\t\t<\/div>\n\t\t\t\t<\/div>\n\t\t\t\t<div class=\"elementor-element elementor-element-8688278 elementor-widget elementor-widget-text-editor\" data-id=\"8688278\" data-element_type=\"widget\" data-widget_type=\"text-editor.default\">\n\t\t\t\t<div class=\"elementor-widget-container\">\n\t\t\t\t\t\t\t\t\t<p>A navega\u00e7\u00e3o pelo Parque Natural da Arr\u00e1bida \u00e9 facilitada com mapas detalhados dispon\u00edveis nos centros de visitantes locais e online. Estes mapas fornecem informa\u00e7\u00f5es sobre trilhos, pontos de interesse e instala\u00e7\u00f5es essenciais.<br \/>Aqui est\u00e3o algumas \u00e1reas principais do parque que n\u00e3o vai querer perder:<\/p>\t\t\t\t\t\t\t\t<\/div>\n\t\t\t\t<\/div>\n\t\t\t\t\t<\/div>\n\t\t\t\t<\/div>\n\t\t<div class=\"elementor-element elementor-element-3a1db9d e-flex e-con-boxed e-con e-parent\" data-id=\"3a1db9d\" data-element_type=\"container\">\n\t\t\t\t\t<div class=\"e-con-inner\">\n\t\t<div class=\"elementor-element elementor-element-9eeb2eb e-con-full e-flex e-con e-child\" data-id=\"9eeb2eb\" data-element_type=\"container\">\n\t\t\t\t<div class=\"elementor-element elementor-element-15dbb3a1 elementor-widget elementor-widget-heading\" data-id=\"15dbb3a1\" data-element_type=\"widget\" data-widget_type=\"heading.default\">\n\t\t\t\t<div class=\"elementor-widget-container\">\n\t\t\t\t\t<h3 class=\"elementor-heading-title elementor-size-default\">Serra da Arr\u00e1bida\n<\/h3>\t\t\t\t<\/div>\n\t\t\t\t<\/div>\n\t\t\t\t<div class=\"elementor-element elementor-element-677d9838 elementor-widget elementor-widget-text-editor\" data-id=\"677d9838\" data-element_type=\"widget\" data-widget_type=\"text-editor.default\">\n\t\t\t\t<div class=\"elementor-widget-container\">\n\t\t\t\t\t\t\t\t\t<p>A serra da Arr\u00e1bida \u00e9 o cora\u00e7\u00e3o do parque. Tanto assim \u00e9 que \u00e9 muitas vezes chamado Parque Natural da Serra da Arr\u00e1bida. Famoso pelas suas impressionantes fal\u00e9sias calc\u00e1rias e florestas verdejantes, o terreno acidentado oferece vistas deslumbrantes sobre a paisagem circundante e o Oceano Atl\u00e2ntico. Os caminhantes e entusiastas da natureza encontrar\u00e3o in\u00fameros trilhos adequados a todos os n\u00edveis um pouco por todo o parque.<\/p>\t\t\t\t\t\t\t\t<\/div>\n\t\t\t\t<\/div>\n\t\t\t\t<\/div>\n\t\t<div class=\"elementor-element elementor-element-c06b1ac e-con-full e-flex e-con e-child\" data-id=\"c06b1ac\" data-element_type=\"container\">\n\t\t\t\t<div class=\"elementor-element elementor-element-22d9597 elementor-widget elementor-widget-heading\" data-id=\"22d9597\" data-element_type=\"widget\" data-widget_type=\"heading.default\">\n\t\t\t\t<div class=\"elementor-widget-container\">\n\t\t\t\t\t<h3 class=\"elementor-heading-title elementor-size-default\">Praia dos Gal\u00e1pos\n<\/h3>\t\t\t\t<\/div>\n\t\t\t\t<\/div>\n\t\t\t\t<div class=\"elementor-element elementor-element-d98e1a6 elementor-widget elementor-widget-text-editor\" data-id=\"d98e1a6\" data-element_type=\"widget\" data-widget_type=\"text-editor.default\">\n\t\t\t\t<div class=\"elementor-widget-container\">\n\t\t\t\t\t\t\t\t\t<p>Esta pitoresca praia \u00e9 famosa pelas suas \u00e1guas l\u00edmpidas e azuis e pelas areias douradas e macias. \u00c9 um local ideal para nadar e apanhar sol, com a sua localiza\u00e7\u00e3o relativamente abrigada a oferecer um ambiente tranquilo. A praia est\u00e1 bem servida de comodidades, o que a torna uma escolha confort\u00e1vel e conveniente para um dia relaxante \u00e0 beira-mar.<\/p>\t\t\t\t\t\t\t\t<\/div>\n\t\t\t\t<\/div>\n\t\t\t\t<\/div>\n\t\t\t\t\t<\/div>\n\t\t\t\t<\/div>\n\t\t<div class=\"elementor-element elementor-element-ee438c8 e-flex e-con-boxed e-con e-parent\" data-id=\"ee438c8\" data-element_type=\"container\">\n\t\t\t\t\t<div class=\"e-con-inner\">\n\t\t<div class=\"elementor-element elementor-element-2e3edf7 e-con-full e-flex e-con e-child\" data-id=\"2e3edf7\" data-element_type=\"container\">\n\t\t\t\t<div class=\"elementor-element elementor-element-da2e725 elementor-widget elementor-widget-heading\" data-id=\"da2e725\" data-element_type=\"widget\" data-widget_type=\"heading.default\">\n\t\t\t\t<div class=\"elementor-widget-container\">\n\t\t\t\t\t<h3 class=\"elementor-heading-title elementor-size-default\">Praia da Figueirinha\n<\/h3>\t\t\t\t<\/div>\n\t\t\t\t<\/div>\n\t\t\t\t<div class=\"elementor-element elementor-element-8f0cbbc elementor-widget elementor-widget-text-editor\" data-id=\"8f0cbbc\" data-element_type=\"widget\" data-widget_type=\"text-editor.default\">\n\t\t\t\t<div class=\"elementor-widget-container\">\n\t\t\t\t\t\t\t\t\t<p>Conhecida pelas suas \u00e1guas calmas e deslumbrantes vistas costeiras, a Praia da Figueirinha \u00e9 uma praia familiar perfeita para um dia de lazer. As \u00e1guas calmas e limpas tornam-na adequado para crian\u00e7as pequenas e para quem procura uma experi\u00eancia de nata\u00e7\u00e3o mais descontra\u00edda. A zona envolvente est\u00e1 equipada com comodidades, incluindo uma zona arborizada nas margens do rio, perfeita para piqueniques \u00e0 tarde.<\/p>\t\t\t\t\t\t\t\t<\/div>\n\t\t\t\t<\/div>\n\t\t\t\t<\/div>\n\t\t<div class=\"elementor-element elementor-element-65353f4 e-con-full e-flex e-con e-child\" data-id=\"65353f4\" data-element_type=\"container\">\n\t\t\t\t<div class=\"elementor-element elementor-element-dfdb0b4 elementor-widget elementor-widget-heading\" data-id=\"dfdb0b4\" data-element_type=\"widget\" data-widget_type=\"heading.default\">\n\t\t\t\t<div class=\"elementor-widget-container\">\n\t\t\t\t\t<h3 class=\"elementor-heading-title elementor-size-default\">Portinho da Arr\u00e1bida\n<\/h3>\t\t\t\t<\/div>\n\t\t\t\t<\/div>\n\t\t\t\t<div class=\"elementor-element elementor-element-14fc2ae elementor-widget elementor-widget-text-editor\" data-id=\"14fc2ae\" data-element_type=\"widget\" data-widget_type=\"text-editor.default\">\n\t\t\t\t<div class=\"elementor-widget-container\">\n\t\t\t\t\t\t\t\t\t<p>Esta ba\u00eda \u00e9 conhecida pelas suas \u00e1guas calmas e cristalinas, o que a torna um local popular para atividades aqu\u00e1ticas, como kayaking e snorkeling. A praia \u00e9 facilmente acess\u00edvel de carro e de transportes p\u00fablicos e tem alguns bares de praia e restaurantes com vista para a \u00e1gua.<\/p>\t\t\t\t\t\t\t\t<\/div>\n\t\t\t\t<\/div>\n\t\t\t\t<\/div>\n\t\t<div class=\"elementor-element elementor-element-8147479 e-con-full e-flex e-con e-child\" data-id=\"8147479\" data-element_type=\"container\">\n\t\t\t\t<div class=\"elementor-element elementor-element-d7021c3 elementor-widget elementor-widget-heading\" data-id=\"d7021c3\" data-element_type=\"widget\" data-widget_type=\"heading.default\">\n\t\t\t\t<div class=\"elementor-widget-container\">\n\t\t\t\t\t<h3 class=\"elementor-heading-title elementor-size-default\">Convento da Arr\u00e1bida\n<\/h3>\t\t\t\t<\/div>\n\t\t\t\t<\/div>\n\t\t\t\t<div class=\"elementor-element elementor-element-7d89617 elementor-widget elementor-widget-text-editor\" data-id=\"7d89617\" data-element_type=\"widget\" data-widget_type=\"text-editor.default\">\n\t\t\t\t<div class=\"elementor-widget-container\">\n\t\t\t\t\t\t\t\t\t<p>Situado numa encosta acima do parque, o Convento da Arr\u00e1bida \u00e9 um convento hist\u00f3rico com um profundo significado cultural e religioso. Fundado no s\u00e9culo XVI, permite entrever o patrim\u00f3nio mon\u00e1stico da regi\u00e3o e proporciona deslumbrantes panor\u00e2micas sobre a paisagem envolvente.<\/p>\t\t\t\t\t\t\t\t<\/div>\n\t\t\t\t<\/div>\n\t\t\t\t<\/div>\n\t\t\t\t\t<\/div>\n\t\t\t\t<\/div>\n\t\t<div class=\"elementor-element elementor-element-150fbb3 e-flex e-con-boxed e-con e-parent\" data-id=\"150fbb3\" data-element_type=\"container\">\n\t\t\t\t\t<div class=\"e-con-inner\">\n\t\t\t\t<div class=\"elementor-element elementor-element-4e4f633 elementor-widget elementor-widget-image\" data-id=\"4e4f633\" data-element_type=\"widget\" data-widget_type=\"image.default\">\n\t\t\t\t<div class=\"elementor-widget-container\">\n\t\t\t\t\t\t\t\t\t\t\t\t\t\t\t<img decoding=\"async\" width=\"1308\" height=\"653\" src=\"https:\/\/www.allurevillas.com\/blog\/wp-content\/uploads\/2024\/08\/Serra-da-Arrabida.jpg\" class=\"attachment-full size-full wp-image-655\" alt=\"Serra-da-Arrabida\" srcset=\"https:\/\/www.allurevillas.com\/blog\/wp-content\/uploads\/2024\/08\/Serra-da-Arrabida.jpg 1308w, https:\/\/www.allurevillas.com\/blog\/wp-content\/uploads\/2024\/08\/Serra-da-Arrabida-768x383.jpg 768w\" sizes=\"(max-width: 1308px) 100vw, 1308px\" \/>\t\t\t\t\t\t\t\t\t\t\t\t\t\t\t<\/div>\n\t\t\t\t<\/div>\n\t\t\t\t\t<\/div>\n\t\t\t\t<\/div>\n\t\t<div class=\"elementor-element elementor-element-58fa067 e-flex e-con-boxed e-con e-parent\" data-id=\"58fa067\" data-element_type=\"container\">\n\t\t\t\t\t<div class=\"e-con-inner\">\n\t\t\t\t<div class=\"elementor-element elementor-element-8d52038 elementor-widget elementor-widget-heading\" data-id=\"8d52038\" data-element_type=\"widget\" data-widget_type=\"heading.default\">\n\t\t\t\t<div class=\"elementor-widget-container\">\n\t\t\t\t\t<h2 class=\"elementor-heading-title elementor-size-default\">Como Chegar ao Parque Natural da Arr\u00e1bida<\/h2>\t\t\t\t<\/div>\n\t\t\t\t<\/div>\n\t\t\t\t<div class=\"elementor-element elementor-element-42519d2 elementor-widget elementor-widget-text-editor\" data-id=\"42519d2\" data-element_type=\"widget\" data-widget_type=\"text-editor.default\">\n\t\t\t\t<div class=\"elementor-widget-container\">\n\t\t\t\t\t\t\t\t\t<p>O acesso ao Parque Natural da Arr\u00e1bida no distrito de Set\u00fabal sofre restri\u00e7\u00f5es por gest\u00e3o do tr\u00e2nsito, sendo a entrada limitada ao lado pr\u00f3ximo de Set\u00fabal aos fins de semana durante a \u00e9poca alta (Junho a Setembro). O acesso de carro \u00e0s praias est\u00e1 dispon\u00edvel, mas os lugares de estacionamento s\u00e3o limitados e enchem rapidamente ap\u00f3s as 9h00 no ver\u00e3o. N\u00e3o s\u00e3o permitidas autocaravanas ou campers, com o tr\u00e2nsito a ser monitorizado por vigilantes do parque.<\/p>\t\t\t\t\t\t\t\t<\/div>\n\t\t\t\t<\/div>\n\t\t\t\t\t<\/div>\n\t\t\t\t<\/div>\n\t\t<div class=\"elementor-element elementor-element-4082d42 e-flex e-con-boxed e-con e-parent\" data-id=\"4082d42\" data-element_type=\"container\">\n\t\t\t\t\t<div class=\"e-con-inner\">\n\t\t<div class=\"elementor-element elementor-element-44fac35 e-con-full e-flex e-con e-child\" data-id=\"44fac35\" data-element_type=\"container\">\n\t\t\t\t<div class=\"elementor-element elementor-element-d33aaac elementor-widget elementor-widget-heading\" data-id=\"d33aaac\" data-element_type=\"widget\" data-widget_type=\"heading.default\">\n\t\t\t\t<div class=\"elementor-widget-container\">\n\t\t\t\t\t<h3 class=\"elementor-heading-title elementor-size-default\">Acesso de carro\n<\/h3>\t\t\t\t<\/div>\n\t\t\t\t<\/div>\n\t\t\t\t<div class=\"elementor-element elementor-element-b0e1fd5 elementor-widget elementor-widget-text-editor\" data-id=\"b0e1fd5\" data-element_type=\"widget\" data-widget_type=\"text-editor.default\">\n\t\t\t\t<div class=\"elementor-widget-container\">\n\t\t\t\t\t\t\t\t\t<p>Chegar ao Parque Natural da Arr\u00e1bida \u00e9 relativamente simples. Se viajar de Lisboa, o parque fica a cerca de 45 minutos de carro. O percurso mais c\u00f3modo \u00e9 pela autoestrada A2 em dire\u00e7\u00e3o a Set\u00fabal, seguindo-se a sinaliza\u00e7\u00e3o que indica a entrada do parque.<br \/>Se vier da pen\u00ednsula de Tr\u00f3ia, existem catamar\u00e3s e ferries regulares que circulam entre Set\u00fabal e Tr\u00f3ia.<\/p>\t\t\t\t\t\t\t\t<\/div>\n\t\t\t\t<\/div>\n\t\t\t\t<\/div>\n\t\t<div class=\"elementor-element elementor-element-fbba25f e-con-full e-flex e-con e-child\" data-id=\"fbba25f\" data-element_type=\"container\">\n\t\t\t\t<div class=\"elementor-element elementor-element-db846e3 elementor-widget elementor-widget-heading\" data-id=\"db846e3\" data-element_type=\"widget\" data-widget_type=\"heading.default\">\n\t\t\t\t<div class=\"elementor-widget-container\">\n\t\t\t\t\t<h3 class=\"elementor-heading-title elementor-size-default\">Chegar de transporte p\u00fablico\n<\/h3>\t\t\t\t<\/div>\n\t\t\t\t<\/div>\n\t\t\t\t<div class=\"elementor-element elementor-element-909088f elementor-widget elementor-widget-text-editor\" data-id=\"909088f\" data-element_type=\"widget\" data-widget_type=\"text-editor.default\">\n\t\t\t\t<div class=\"elementor-widget-container\">\n\t\t\t\t\t\t\t\t\t<p>As op\u00e7\u00f5es de transporte p\u00fablico incluem apanhar um comboio ou autocarro para Set\u00fabal e depois um autocarro local (<a href=\"https:\/\/www.carrismetropolitana.pt\/\"><span style=\"font-weight: 400\">Carris Metropolitana<\/span><\/a>) ou t\u00e1xi at\u00e9 ao pr\u00f3prio parque.<br \/>Em alternativa, est\u00e3o dispon\u00edveis visitas guiadas e servi\u00e7os de aluguer de autom\u00f3veis para aqueles que preferem uma op\u00e7\u00e3o mais flex\u00edvel.<\/p>\t\t\t\t\t\t\t\t<\/div>\n\t\t\t\t<\/div>\n\t\t\t\t<\/div>\n\t\t\t\t\t<\/div>\n\t\t\t\t<\/div>\n\t\t<div class=\"elementor-element elementor-element-369e61d e-flex e-con-boxed e-con e-parent\" data-id=\"369e61d\" data-element_type=\"container\">\n\t\t\t\t\t<div class=\"e-con-inner\">\n\t\t\t\t<div class=\"elementor-element elementor-element-2b2038c elementor-widget elementor-widget-image\" data-id=\"2b2038c\" data-element_type=\"widget\" data-widget_type=\"image.default\">\n\t\t\t\t<div class=\"elementor-widget-container\">\n\t\t\t\t\t\t\t\t\t\t\t\t\t\t\t<img decoding=\"async\" width=\"1256\" height=\"628\" src=\"https:\/\/www.allurevillas.com\/blog\/wp-content\/uploads\/2024\/08\/Arrabida-Natural-Park.jpg\" class=\"attachment-full size-full wp-image-651\" alt=\"Arrabida-Natural-Park\" srcset=\"https:\/\/www.allurevillas.com\/blog\/wp-content\/uploads\/2024\/08\/Arrabida-Natural-Park.jpg 1256w, https:\/\/www.allurevillas.com\/blog\/wp-content\/uploads\/2024\/08\/Arrabida-Natural-Park-768x384.jpg 768w\" sizes=\"(max-width: 1256px) 100vw, 1256px\" \/>\t\t\t\t\t\t\t\t\t\t\t\t\t\t\t<\/div>\n\t\t\t\t<\/div>\n\t\t\t\t\t<\/div>\n\t\t\t\t<\/div>\n\t\t<div class=\"elementor-element elementor-element-5396d72 e-flex e-con-boxed e-con e-parent\" data-id=\"5396d72\" data-element_type=\"container\">\n\t\t\t\t\t<div class=\"e-con-inner\">\n\t\t\t\t<div class=\"elementor-element elementor-element-8fc9ae4 elementor-widget elementor-widget-heading\" data-id=\"8fc9ae4\" data-element_type=\"widget\" data-widget_type=\"heading.default\">\n\t\t\t\t<div class=\"elementor-widget-container\">\n\t\t\t\t\t<h2 class=\"elementor-heading-title elementor-size-default\">Curiosidades da zona da Arr\u00e1bida<\/h2>\t\t\t\t<\/div>\n\t\t\t\t<\/div>\n\t\t\t\t<div class=\"elementor-element elementor-element-c88e52b elementor-widget elementor-widget-text-editor\" data-id=\"c88e52b\" data-element_type=\"widget\" data-widget_type=\"text-editor.default\">\n\t\t\t\t<div class=\"elementor-widget-container\">\n\t\t\t\t\t\t\t\t\t<p>O Parque Natural da Arr\u00e1bida n\u00e3o \u00e9 apenas conhecido pela sua beleza natural, mas tamb\u00e9m pelo seu significado cultural e hist\u00f3rico. O Convento da Arr\u00e1bida \u00e9 um marco not\u00e1vel, situado no topo de uma colina e proporcionando um vislumbre da hist\u00f3ria mon\u00e1stica da regi\u00e3o. O parque \u00e9 tamb\u00e9m conhecido pelos seus recifes de coral fossilizados, que oferecem uma vis\u00e3o fascinante da antiga vida marinha da regi\u00e3o.<br \/>Al\u00e9m disso, a regi\u00e3o \u00e9 celebrada pelos vinhos da Arr\u00e1bida, produzidos a partir de vinhas que beneficiam do microclima \u00fanico do parque. Provar estes vinhos locais \u00e9 uma \u00f3tima forma de se conectar com as ricas tradi\u00e7\u00f5es culturais da regi\u00e3o. Vai uma degusta\u00e7\u00e3o?<\/p>\t\t\t\t\t\t\t\t<\/div>\n\t\t\t\t<\/div>\n\t\t\t\t\t<\/div>\n\t\t\t\t<\/div>\n\t\t<div class=\"elementor-element elementor-element-545d644 e-flex e-con-boxed e-con e-parent\" data-id=\"545d644\" data-element_type=\"container\">\n\t\t\t\t\t<div class=\"e-con-inner\">\n\t\t\t\t<div class=\"elementor-element elementor-element-fe9f5cf elementor-widget elementor-widget-heading\" data-id=\"fe9f5cf\" data-element_type=\"widget\" data-widget_type=\"heading.default\">\n\t\t\t\t<div class=\"elementor-widget-container\">\n\t\t\t\t\t<h2 class=\"elementor-heading-title elementor-size-default\">Venha explorar o Parque Natural da Arr\u00e1bida<\/h2>\t\t\t\t<\/div>\n\t\t\t\t<\/div>\n\t\t\t\t<div class=\"elementor-element elementor-element-8e900c4 elementor-widget elementor-widget-text-editor\" data-id=\"8e900c4\" data-element_type=\"widget\" data-widget_type=\"text-editor.default\">\n\t\t\t\t<div class=\"elementor-widget-container\">\n\t\t\t\t\t\t\t\t\t<p>O Parque Natural da Arr\u00e1bida est\u00e1 repleto de maravilhas naturais e aventuras ao ar livre. Desde caminhadas pela Serra da Arr\u00e1bida at\u00e9 relaxar nas suas deslumbrantes praias, o parque oferece uma riqueza de experi\u00eancias para todos os tipos de visitantes.<\/p><p>Se est\u00e1 a planear uma visita a Portugal, recomendamos que adicione o Parque Natural da Arr\u00e1bida ao seu itiner\u00e1rio. Na Allure Villas, dedicamo-nos a oferecer uma hospitalidade excecional e a garantir que a sua estadia seja t\u00e3o memor\u00e1vel como a explora\u00e7\u00e3o deste extraordin\u00e1rio parque natural. <a href=\"https:\/\/www.allurevillas.com\/pt\/\">Reserve a sua estadia connosco<\/a> e experimente o melhor da beleza natural e da calorosa hospitalidade de Portugal.<\/p>\t\t\t\t\t\t\t\t<\/div>\n\t\t\t\t<\/div>\n\t\t\t\t\t<\/div>\n\t\t\t\t<\/div>\n\t\t<div class=\"elementor-element elementor-element-6552559b e-flex e-con-boxed e-con e-parent\" data-id=\"6552559b\" data-element_type=\"container\">\n\t\t\t\t\t<div class=\"e-con-inner\">\n\t\t<div class=\"elementor-element elementor-element-50aa5188 e-con-full e-flex e-con e-child\" data-id=\"50aa5188\" data-element_type=\"container\">\n\t\t\t\t<div class=\"elementor-element elementor-element-6fb1dfc9 elementor-align-justify elementor-widget elementor-widget-button\" data-id=\"6fb1dfc9\" data-element_type=\"widget\" data-widget_type=\"button.default\">\n\t\t\t\t<div class=\"elementor-widget-container\">\n\t\t\t\t\t\t\t\t\t<div class=\"elementor-button-wrapper\">\n\t\t\t\t\t<a class=\"elementor-button elementor-button-link elementor-size-sm\" href=\"https:\/\/www.allurevillas.com\/rentals\/villas-lisbon-coast-c2z2905\/\">\n\t\t\t\t\t\t<span class=\"elementor-button-content-wrapper\">\n\t\t\t\t\t\t\t\t\t<span class=\"elementor-button-text\">Costa de Lisboa<\/span>\n\t\t\t\t\t<\/span>\n\t\t\t\t\t<\/a>\n\t\t\t\t<\/div>\n\t\t\t\t\t\t\t\t<\/div>\n\t\t\t\t<\/div>\n\t\t\t\t<\/div>\n\t\t<div class=\"elementor-element elementor-element-362ab8 e-con-full e-flex e-con e-child\" data-id=\"362ab8\" data-element_type=\"container\">\n\t\t\t\t<div class=\"elementor-element elementor-element-1b7cb70c elementor-align-justify elementor-widget elementor-widget-button\" data-id=\"1b7cb70c\" data-element_type=\"widget\" data-widget_type=\"button.default\">\n\t\t\t\t<div class=\"elementor-widget-container\">\n\t\t\t\t\t\t\t\t\t<div class=\"elementor-button-wrapper\">\n\t\t\t\t\t<a class=\"elementor-button elementor-button-link elementor-size-sm\" href=\"https:\/\/www.allurevillas.com\/pt\/aluguer\/villas-aroeira-c2d47926\/\">\n\t\t\t\t\t\t<span class=\"elementor-button-content-wrapper\">\n\t\t\t\t\t\t\t\t\t<span class=\"elementor-button-text\">Aroeira<\/span>\n\t\t\t\t\t<\/span>\n\t\t\t\t\t<\/a>\n\t\t\t\t<\/div>\n\t\t\t\t\t\t\t\t<\/div>\n\t\t\t\t<\/div>\n\t\t\t\t<\/div>\n\t\t<div class=\"elementor-element elementor-element-e0ef9d2 e-con-full e-flex e-con e-child\" data-id=\"e0ef9d2\" data-element_type=\"container\">\n\t\t\t\t<div class=\"elementor-element elementor-element-3f6a0fba elementor-align-justify elementor-widget elementor-widget-button\" data-id=\"3f6a0fba\" data-element_type=\"widget\" data-widget_type=\"button.default\">\n\t\t\t\t<div class=\"elementor-widget-container\">\n\t\t\t\t\t\t\t\t\t<div class=\"elementor-button-wrapper\">\n\t\t\t\t\t<a class=\"elementor-button elementor-button-link elementor-size-sm\" href=\"https:\/\/www.allurevillas.com\/pt\/aluguer\/villas-algarve-c2z2906\/\">\n\t\t\t\t\t\t<span class=\"elementor-button-content-wrapper\">\n\t\t\t\t\t\t\t\t\t<span class=\"elementor-button-text\">Algarve<\/span>\n\t\t\t\t\t<\/span>\n\t\t\t\t\t<\/a>\n\t\t\t\t<\/div>\n\t\t\t\t\t\t\t\t<\/div>\n\t\t\t\t<\/div>\n\t\t\t\t<\/div>\n\t\t<div class=\"elementor-element elementor-element-4c416726 e-con-full e-flex e-con e-child\" data-id=\"4c416726\" data-element_type=\"container\">\n\t\t\t\t<div class=\"elementor-element elementor-element-3eea8979 elementor-align-justify elementor-widget elementor-widget-button\" data-id=\"3eea8979\" data-element_type=\"widget\" data-widget_type=\"button.default\">\n\t\t\t\t<div class=\"elementor-widget-container\">\n\t\t\t\t\t\t\t\t\t<div class=\"elementor-button-wrapper\">\n\t\t\t\t\t<a class=\"elementor-button elementor-button-link elementor-size-sm\" href=\"https:\/\/www.allurevillas.com\/pt\/aluguer\/villas-algarve-c2z2906\/\">\n\t\t\t\t\t\t<span class=\"elementor-button-content-wrapper\">\n\t\t\t\t\t\t\t\t\t<span class=\"elementor-button-text\">Tr\u00f3ia &amp; Comporta<\/span>\n\t\t\t\t\t<\/span>\n\t\t\t\t\t<\/a>\n\t\t\t\t<\/div>\n\t\t\t\t\t\t\t\t<\/div>\n\t\t\t\t<\/div>\n\t\t\t\t<\/div>\n\t\t\t\t\t<\/div>\n\t\t\t\t<\/div>\n\t\t\t\t<\/div>\n\t\t","protected":false},"excerpt":{"rendered":"<p>Situado no distrito de Set\u00fabal, em Portugal, o Parque Natural da Arr\u00e1bida \u00e9 um testemunho deslumbrante da diversidade das paisagens&#8230;<\/p>\n","protected":false},"author":3,"featured_media":663,"comment_status":"open","ping_status":"open","sticky":false,"template":"","format":"standard","meta":{"footnotes":""},"categories":[27],"tags":[],"class_list":["post-732","post","type-post","status-publish","format-standard","has-post-thumbnail","hentry","category-portugal-fr"],"yoast_head":"<!-- This site is optimized with the Yoast SEO plugin v26.7 - https:\/\/yoast.com\/wordpress\/plugins\/seo\/ -->\n<title>Uma Viagem pelo Parque Natural da Arr\u00e1bida - Allure Villas | Blog<\/title>\n<meta name=\"description\" content=\"Admire a beleza do Parque Natural da Arr\u00e1bida, com as suas impressionantes fal\u00e9sias e praias de areia fina, perfeitas para relaxar.\" \/>\n<meta name=\"robots\" content=\"index, follow, max-snippet:-1, max-image-preview:large, max-video-preview:-1\" \/>\n<link rel=\"canonical\" href=\"https:\/\/www.allurevillas.com\/blog\/pt\/parque-natural-arrabida\/\" \/>\n<meta property=\"og:locale\" content=\"pt_PT\" \/>\n<meta property=\"og:type\" content=\"article\" \/>\n<meta property=\"og:title\" content=\"Uma Viagem pelo Parque Natural da Arr\u00e1bida - Allure Villas | Blog\" \/>\n<meta property=\"og:description\" content=\"Admire a beleza do Parque Natural da Arr\u00e1bida, com as suas impressionantes fal\u00e9sias e praias de areia fina, perfeitas para relaxar.\" \/>\n<meta property=\"og:url\" content=\"https:\/\/www.allurevillas.com\/blog\/pt\/parque-natural-arrabida\/\" \/>\n<meta property=\"og:site_name\" content=\"Allure Villas | Blog\" \/>\n<meta property=\"article:published_time\" content=\"2024-09-09T11:01:50+00:00\" \/>\n<meta property=\"article:modified_time\" content=\"2024-09-27T06:53:48+00:00\" \/>\n<meta property=\"og:image\" content=\"https:\/\/www.allurevillas.com\/blog\/wp-content\/uploads\/2024\/08\/Arrabida-Natural-Park-portugal.jpg\" \/>\n\t<meta property=\"og:image:width\" content=\"2145\" \/>\n\t<meta property=\"og:image:height\" content=\"715\" \/>\n\t<meta property=\"og:image:type\" content=\"image\/jpeg\" \/>\n<meta name=\"author\" content=\"digitalservices@avantio.com\" \/>\n<meta name=\"twitter:card\" content=\"summary_large_image\" \/>\n<meta name=\"twitter:label1\" content=\"Written by\" \/>\n\t<meta name=\"twitter:data1\" content=\"digitalservices@avantio.com\" \/>\n\t<meta name=\"twitter:label2\" content=\"Est. reading time\" \/>\n\t<meta name=\"twitter:data2\" content=\"8 minutos\" \/>\n<script type=\"application\/ld+json\" class=\"yoast-schema-graph\">{\"@context\":\"https:\/\/schema.org\",\"@graph\":[{\"@type\":\"Article\",\"@id\":\"https:\/\/www.allurevillas.com\/blog\/pt\/parque-natural-arrabida\/#article\",\"isPartOf\":{\"@id\":\"https:\/\/www.allurevillas.com\/blog\/pt\/parque-natural-arrabida\/\"},\"author\":{\"name\":\"digitalservices@avantio.com\",\"@id\":\"https:\/\/www.allurevillas.com\/blog\/pt\/#\/schema\/person\/75dbd1c5fe5ba14c5177986e12ca8e24\"},\"headline\":\"Uma Viagem pelo Parque Natural da Arr\u00e1bida: Guia Essencial para Visitantes\",\"datePublished\":\"2024-09-09T11:01:50+00:00\",\"dateModified\":\"2024-09-27T06:53:48+00:00\",\"mainEntityOfPage\":{\"@id\":\"https:\/\/www.allurevillas.com\/blog\/pt\/parque-natural-arrabida\/\"},\"wordCount\":1280,\"commentCount\":0,\"image\":{\"@id\":\"https:\/\/www.allurevillas.com\/blog\/pt\/parque-natural-arrabida\/#primaryimage\"},\"thumbnailUrl\":\"https:\/\/www.allurevillas.com\/blog\/wp-content\/uploads\/2024\/08\/Arrabida-Natural-Park-portugal.jpg\",\"articleSection\":[\"Portugal\"],\"inLanguage\":\"pt-PT\",\"potentialAction\":[{\"@type\":\"CommentAction\",\"name\":\"Comment\",\"target\":[\"https:\/\/www.allurevillas.com\/blog\/pt\/parque-natural-arrabida\/#respond\"]}]},{\"@type\":\"WebPage\",\"@id\":\"https:\/\/www.allurevillas.com\/blog\/pt\/parque-natural-arrabida\/\",\"url\":\"https:\/\/www.allurevillas.com\/blog\/pt\/parque-natural-arrabida\/\",\"name\":\"Uma Viagem pelo Parque Natural da Arr\u00e1bida - Allure Villas | Blog\",\"isPartOf\":{\"@id\":\"https:\/\/www.allurevillas.com\/blog\/pt\/#website\"},\"primaryImageOfPage\":{\"@id\":\"https:\/\/www.allurevillas.com\/blog\/pt\/parque-natural-arrabida\/#primaryimage\"},\"image\":{\"@id\":\"https:\/\/www.allurevillas.com\/blog\/pt\/parque-natural-arrabida\/#primaryimage\"},\"thumbnailUrl\":\"https:\/\/www.allurevillas.com\/blog\/wp-content\/uploads\/2024\/08\/Arrabida-Natural-Park-portugal.jpg\",\"datePublished\":\"2024-09-09T11:01:50+00:00\",\"dateModified\":\"2024-09-27T06:53:48+00:00\",\"author\":{\"@id\":\"https:\/\/www.allurevillas.com\/blog\/pt\/#\/schema\/person\/75dbd1c5fe5ba14c5177986e12ca8e24\"},\"description\":\"Admire a beleza do Parque Natural da Arr\u00e1bida, com as suas impressionantes fal\u00e9sias e praias de areia fina, perfeitas para relaxar.\",\"breadcrumb\":{\"@id\":\"https:\/\/www.allurevillas.com\/blog\/pt\/parque-natural-arrabida\/#breadcrumb\"},\"inLanguage\":\"pt-PT\",\"potentialAction\":[{\"@type\":\"ReadAction\",\"target\":[\"https:\/\/www.allurevillas.com\/blog\/pt\/parque-natural-arrabida\/\"]}]},{\"@type\":\"ImageObject\",\"inLanguage\":\"pt-PT\",\"@id\":\"https:\/\/www.allurevillas.com\/blog\/pt\/parque-natural-arrabida\/#primaryimage\",\"url\":\"https:\/\/www.allurevillas.com\/blog\/wp-content\/uploads\/2024\/08\/Arrabida-Natural-Park-portugal.jpg\",\"contentUrl\":\"https:\/\/www.allurevillas.com\/blog\/wp-content\/uploads\/2024\/08\/Arrabida-Natural-Park-portugal.jpg\",\"width\":2145,\"height\":715,\"caption\":\"Arr\u00e1bida Natural Park portugal\"},{\"@type\":\"BreadcrumbList\",\"@id\":\"https:\/\/www.allurevillas.com\/blog\/pt\/parque-natural-arrabida\/#breadcrumb\",\"itemListElement\":[{\"@type\":\"ListItem\",\"position\":1,\"name\":\"Home\",\"item\":\"https:\/\/www.allurevillas.com\/blog\/pt\/\"},{\"@type\":\"ListItem\",\"position\":2,\"name\":\"Uma Viagem pelo Parque Natural da Arr\u00e1bida: Guia Essencial para Visitantes\"}]},{\"@type\":\"WebSite\",\"@id\":\"https:\/\/www.allurevillas.com\/blog\/pt\/#website\",\"url\":\"https:\/\/www.allurevillas.com\/blog\/pt\/\",\"name\":\"Allure Villas | Blog\",\"description\":\"Allure Villas\",\"potentialAction\":[{\"@type\":\"SearchAction\",\"target\":{\"@type\":\"EntryPoint\",\"urlTemplate\":\"https:\/\/www.allurevillas.com\/blog\/pt\/?s={search_term_string}\"},\"query-input\":{\"@type\":\"PropertyValueSpecification\",\"valueRequired\":true,\"valueName\":\"search_term_string\"}}],\"inLanguage\":\"pt-PT\"},{\"@type\":\"Person\",\"@id\":\"https:\/\/www.allurevillas.com\/blog\/pt\/#\/schema\/person\/75dbd1c5fe5ba14c5177986e12ca8e24\",\"name\":\"digitalservices@avantio.com\",\"image\":{\"@type\":\"ImageObject\",\"inLanguage\":\"pt-PT\",\"@id\":\"https:\/\/www.allurevillas.com\/blog\/pt\/#\/schema\/person\/image\/\",\"url\":\"https:\/\/secure.gravatar.com\/avatar\/af30f88a1904294c1f3eb09a9d7903eec4ffa18fa2cf40c28a8681014ecdfc20?s=96&d=mm&r=g\",\"contentUrl\":\"https:\/\/secure.gravatar.com\/avatar\/af30f88a1904294c1f3eb09a9d7903eec4ffa18fa2cf40c28a8681014ecdfc20?s=96&d=mm&r=g\",\"caption\":\"digitalservices@avantio.com\"},\"url\":\"https:\/\/www.allurevillas.com\/blog\/pt\/author\/digitalservicesavantio-com\/\"}]}<\/script>\n<!-- \/ Yoast SEO plugin. -->","yoast_head_json":{"title":"Uma Viagem pelo Parque Natural da Arr\u00e1bida - Allure Villas | Blog","description":"Admire a beleza do Parque Natural da Arr\u00e1bida, com as suas impressionantes fal\u00e9sias e praias de areia fina, perfeitas para relaxar.","robots":{"index":"index","follow":"follow","max-snippet":"max-snippet:-1","max-image-preview":"max-image-preview:large","max-video-preview":"max-video-preview:-1"},"canonical":"https:\/\/www.allurevillas.com\/blog\/pt\/parque-natural-arrabida\/","og_locale":"pt_PT","og_type":"article","og_title":"Uma Viagem pelo Parque Natural da Arr\u00e1bida - Allure Villas | Blog","og_description":"Admire a beleza do Parque Natural da Arr\u00e1bida, com as suas impressionantes fal\u00e9sias e praias de areia fina, perfeitas para relaxar.","og_url":"https:\/\/www.allurevillas.com\/blog\/pt\/parque-natural-arrabida\/","og_site_name":"Allure Villas | Blog","article_published_time":"2024-09-09T11:01:50+00:00","article_modified_time":"2024-09-27T06:53:48+00:00","og_image":[{"width":2145,"height":715,"url":"https:\/\/www.allurevillas.com\/blog\/wp-content\/uploads\/2024\/08\/Arrabida-Natural-Park-portugal.jpg","type":"image\/jpeg"}],"author":"digitalservices@avantio.com","twitter_card":"summary_large_image","twitter_misc":{"Written by":"digitalservices@avantio.com","Est. reading time":"8 minutos"},"schema":{"@context":"https:\/\/schema.org","@graph":[{"@type":"Article","@id":"https:\/\/www.allurevillas.com\/blog\/pt\/parque-natural-arrabida\/#article","isPartOf":{"@id":"https:\/\/www.allurevillas.com\/blog\/pt\/parque-natural-arrabida\/"},"author":{"name":"digitalservices@avantio.com","@id":"https:\/\/www.allurevillas.com\/blog\/pt\/#\/schema\/person\/75dbd1c5fe5ba14c5177986e12ca8e24"},"headline":"Uma Viagem pelo Parque Natural da Arr\u00e1bida: Guia Essencial para Visitantes","datePublished":"2024-09-09T11:01:50+00:00","dateModified":"2024-09-27T06:53:48+00:00","mainEntityOfPage":{"@id":"https:\/\/www.allurevillas.com\/blog\/pt\/parque-natural-arrabida\/"},"wordCount":1280,"commentCount":0,"image":{"@id":"https:\/\/www.allurevillas.com\/blog\/pt\/parque-natural-arrabida\/#primaryimage"},"thumbnailUrl":"https:\/\/www.allurevillas.com\/blog\/wp-content\/uploads\/2024\/08\/Arrabida-Natural-Park-portugal.jpg","articleSection":["Portugal"],"inLanguage":"pt-PT","potentialAction":[{"@type":"CommentAction","name":"Comment","target":["https:\/\/www.allurevillas.com\/blog\/pt\/parque-natural-arrabida\/#respond"]}]},{"@type":"WebPage","@id":"https:\/\/www.allurevillas.com\/blog\/pt\/parque-natural-arrabida\/","url":"https:\/\/www.allurevillas.com\/blog\/pt\/parque-natural-arrabida\/","name":"Uma Viagem pelo Parque Natural da Arr\u00e1bida - Allure Villas | Blog","isPartOf":{"@id":"https:\/\/www.allurevillas.com\/blog\/pt\/#website"},"primaryImageOfPage":{"@id":"https:\/\/www.allurevillas.com\/blog\/pt\/parque-natural-arrabida\/#primaryimage"},"image":{"@id":"https:\/\/www.allurevillas.com\/blog\/pt\/parque-natural-arrabida\/#primaryimage"},"thumbnailUrl":"https:\/\/www.allurevillas.com\/blog\/wp-content\/uploads\/2024\/08\/Arrabida-Natural-Park-portugal.jpg","datePublished":"2024-09-09T11:01:50+00:00","dateModified":"2024-09-27T06:53:48+00:00","author":{"@id":"https:\/\/www.allurevillas.com\/blog\/pt\/#\/schema\/person\/75dbd1c5fe5ba14c5177986e12ca8e24"},"description":"Admire a beleza do Parque Natural da Arr\u00e1bida, com as suas impressionantes fal\u00e9sias e praias de areia fina, perfeitas para relaxar.","breadcrumb":{"@id":"https:\/\/www.allurevillas.com\/blog\/pt\/parque-natural-arrabida\/#breadcrumb"},"inLanguage":"pt-PT","potentialAction":[{"@type":"ReadAction","target":["https:\/\/www.allurevillas.com\/blog\/pt\/parque-natural-arrabida\/"]}]},{"@type":"ImageObject","inLanguage":"pt-PT","@id":"https:\/\/www.allurevillas.com\/blog\/pt\/parque-natural-arrabida\/#primaryimage","url":"https:\/\/www.allurevillas.com\/blog\/wp-content\/uploads\/2024\/08\/Arrabida-Natural-Park-portugal.jpg","contentUrl":"https:\/\/www.allurevillas.com\/blog\/wp-content\/uploads\/2024\/08\/Arrabida-Natural-Park-portugal.jpg","width":2145,"height":715,"caption":"Arr\u00e1bida Natural Park portugal"},{"@type":"BreadcrumbList","@id":"https:\/\/www.allurevillas.com\/blog\/pt\/parque-natural-arrabida\/#breadcrumb","itemListElement":[{"@type":"ListItem","position":1,"name":"Home","item":"https:\/\/www.allurevillas.com\/blog\/pt\/"},{"@type":"ListItem","position":2,"name":"Uma Viagem pelo Parque Natural da Arr\u00e1bida: Guia Essencial para Visitantes"}]},{"@type":"WebSite","@id":"https:\/\/www.allurevillas.com\/blog\/pt\/#website","url":"https:\/\/www.allurevillas.com\/blog\/pt\/","name":"Allure Villas | Blog","description":"Allure Villas","potentialAction":[{"@type":"SearchAction","target":{"@type":"EntryPoint","urlTemplate":"https:\/\/www.allurevillas.com\/blog\/pt\/?s={search_term_string}"},"query-input":{"@type":"PropertyValueSpecification","valueRequired":true,"valueName":"search_term_string"}}],"inLanguage":"pt-PT"},{"@type":"Person","@id":"https:\/\/www.allurevillas.com\/blog\/pt\/#\/schema\/person\/75dbd1c5fe5ba14c5177986e12ca8e24","name":"digitalservices@avantio.com","image":{"@type":"ImageObject","inLanguage":"pt-PT","@id":"https:\/\/www.allurevillas.com\/blog\/pt\/#\/schema\/person\/image\/","url":"https:\/\/secure.gravatar.com\/avatar\/af30f88a1904294c1f3eb09a9d7903eec4ffa18fa2cf40c28a8681014ecdfc20?s=96&d=mm&r=g","contentUrl":"https:\/\/secure.gravatar.com\/avatar\/af30f88a1904294c1f3eb09a9d7903eec4ffa18fa2cf40c28a8681014ecdfc20?s=96&d=mm&r=g","caption":"digitalservices@avantio.com"},"url":"https:\/\/www.allurevillas.com\/blog\/pt\/author\/digitalservicesavantio-com\/"}]}},"_links":{"self":[{"href":"https:\/\/www.allurevillas.com\/blog\/pt\/wp-json\/wp\/v2\/posts\/732","targetHints":{"allow":["GET"]}}],"collection":[{"href":"https:\/\/www.allurevillas.com\/blog\/pt\/wp-json\/wp\/v2\/posts"}],"about":[{"href":"https:\/\/www.allurevillas.com\/blog\/pt\/wp-json\/wp\/v2\/types\/post"}],"author":[{"embeddable":true,"href":"https:\/\/www.allurevillas.com\/blog\/pt\/wp-json\/wp\/v2\/users\/3"}],"replies":[{"embeddable":true,"href":"https:\/\/www.allurevillas.com\/blog\/pt\/wp-json\/wp\/v2\/comments?post=732"}],"version-history":[{"count":8,"href":"https:\/\/www.allurevillas.com\/blog\/pt\/wp-json\/wp\/v2\/posts\/732\/revisions"}],"predecessor-version":[{"id":789,"href":"https:\/\/www.allurevillas.com\/blog\/pt\/wp-json\/wp\/v2\/posts\/732\/revisions\/789"}],"wp:featuredmedia":[{"embeddable":true,"href":"https:\/\/www.allurevillas.com\/blog\/pt\/wp-json\/wp\/v2\/media\/663"}],"wp:attachment":[{"href":"https:\/\/www.allurevillas.com\/blog\/pt\/wp-json\/wp\/v2\/media?parent=732"}],"wp:term":[{"taxonomy":"category","embeddable":true,"href":"https:\/\/www.allurevillas.com\/blog\/pt\/wp-json\/wp\/v2\/categories?post=732"},{"taxonomy":"post_tag","embeddable":true,"href":"https:\/\/www.allurevillas.com\/blog\/pt\/wp-json\/wp\/v2\/tags?post=732"}],"curies":[{"name":"wp","href":"https:\/\/api.w.org\/{rel}","templated":true}]}}